{"id":55492,"date":"2026-04-27T07:00:00","date_gmt":"2026-04-27T05:00:00","guid":{"rendered":"https:\/\/www.ochutnejorech.sk\/blog\/?p=55492"},"modified":"2026-03-19T10:02:35","modified_gmt":"2026-03-19T09:02:35","slug":"den-matiek-2026-kedy-sa-slavi-tipy-na-darcaky","status":"publish","type":"post","link":"https:\/\/www.ochutnejorech.sk\/blog\/den-matiek-2026-kedy-sa-slavi-tipy-na-darcaky","title":{"rendered":"Kedy je de\u0148 matiek v roku 2026 + tipy na dar\u010deky"},"content":{"rendered":"\n<p>De\u0148 matiek je jedn\u00fdm z najkraj\u0161\u00edch sviatkov v roku, ke\u010f m\u00e1me pr\u00edle\u017eitos\u0165 po\u010fakova\u0165 na\u0161im mami\u010dk\u00e1m za ich l\u00e1sku, starostlivos\u0165 a podporu. Ak sa chyst\u00e1te na oslavu tohto v\u00fdnimo\u010dn\u00e9ho d\u0148a v roku 2026, ste na spr\u00e1vnom mieste. <strong>V tomto \u010dl\u00e1nku sa dozviete presn\u00fd d\u00e1tum D\u0148a matiek a n\u00e1jdete tu in\u0161pir\u00e1ciu na dar\u010deky, ktor\u00e9 va\u0161u mami\u010dku naozaj pote\u0161ia.<\/strong><\/p>\n\n\n<figure class=\"wp-block-image size-full\"><img decoding=\"async\" src=\"https:\/\/oosk.wps.cz\/wp-content\/uploads\/2026\/03\/den-matek-7.jpg\" alt=\"Den matek\" class=\"wp-image-62333\"\/><\/figure>\n\n\n<div id=\"ez-toc-container\" class=\"ez-toc-v2_0_82_2 counter-hierarchy ez-toc-counter ez-toc-grey ez-toc-container-direction\">\n<div class=\"ez-toc-title-container\">\n<p class=\"ez-toc-title\" style=\"cursor:inherit\">Obsah \u010dl\u00e1nku<\/p>\n<span class=\"ez-toc-title-toggle\"><a href=\"#\" class=\"ez-toc-pull-right ez-toc-btn ez-toc-btn-xs ez-toc-btn-default ez-toc-toggle\" aria-label=\"Toggle Table of Content\"><span class=\"ez-toc-js-icon-con\"><span class=\"\"><span class=\"eztoc-hide\" style=\"display:none;\">Toggle<\/span><span class=\"ez-toc-icon-toggle-span\"><svg style=\"fill: #999;color:#999\" xmlns=\"http:\/\/www.w3.org\/2000\/svg\" class=\"list-377408\" width=\"20px\" height=\"20px\" viewBox=\"0 0 24 24\" fill=\"none\"><path d=\"M6 6H4v2h2V6zm14 0H8v2h12V6zM4 11h2v2H4v-2zm16 0H8v2h12v-2zM4 16h2v2H4v-2zm16 0H8v2h12v-2z\" fill=\"currentColor\"><\/path><\/svg><svg style=\"fill: #999;color:#999\" class=\"arrow-unsorted-368013\" xmlns=\"http:\/\/www.w3.org\/2000\/svg\" width=\"10px\" height=\"10px\" viewBox=\"0 0 24 24\" version=\"1.2\" baseProfile=\"tiny\"><path d=\"M18.2 9.3l-6.2-6.3-6.2 6.3c-.2.2-.3.4-.3.7s.1.5.3.7c.2.2.4.3.7.3h11c.3 0 .5-.1.7-.3.2-.2.3-.5.3-.7s-.1-.5-.3-.7zM5.8 14.7l6.2 6.3 6.2-6.3c.2-.2.3-.5.3-.7s-.1-.5-.3-.7c-.2-.2-.4-.3-.7-.3h-11c-.3 0-.5.1-.7.3-.2.2-.3.5-.3.7s.1.5.3.7z\"\/><\/svg><\/span><\/span><\/span><\/a><\/span><\/div>\n<nav><ul class='ez-toc-list ez-toc-list-level-1 ' ><li class='ez-toc-page-1 ez-toc-heading-level-2'><a class=\"ez-toc-link ez-toc-heading-1\" href=\"https:\/\/www.ochutnejorech.sk\/blog\/den-matiek-2026-kedy-sa-slavi-tipy-na-darcaky\/#Kedy_je_Den_matiek_v_roku_2026\" >Kedy je De\u0148 matiek v roku 2026?<\/a><\/li><li class='ez-toc-page-1 ez-toc-heading-level-2'><a class=\"ez-toc-link ez-toc-heading-2\" href=\"https:\/\/www.ochutnejorech.sk\/blog\/den-matiek-2026-kedy-sa-slavi-tipy-na-darcaky\/#Zhrnutie_pre_tych_co_nemaju_cas_citat_cely_clanok\" >Zhrnutie pre t\u00fdch, \u010do nemaj\u00fa \u010das \u010d\u00edta\u0165 cel\u00fd \u010dl\u00e1nok<\/a><\/li><li class='ez-toc-page-1 ez-toc-heading-level-2'><a class=\"ez-toc-link ez-toc-heading-3\" href=\"https:\/\/www.ochutnejorech.sk\/blog\/den-matiek-2026-kedy-sa-slavi-tipy-na-darcaky\/#Historia_Dna_matiek_a_jeho_vyznam_v_slovenskej_tradicii\" >Hist\u00f3ria D\u0148a matiek a jeho v\u00fdznam v slovenskej trad\u00edcii<\/a><\/li><li class='ez-toc-page-1 ez-toc-heading-level-2'><a class=\"ez-toc-link ez-toc-heading-4\" href=\"https:\/\/www.ochutnejorech.sk\/blog\/den-matiek-2026-kedy-sa-slavi-tipy-na-darcaky\/#Ako_sa_dostal_Den_matiek_na_Slovensko\" >Ako sa dostal De\u0148 matiek na Slovensko?<\/a><\/li><li class='ez-toc-page-1 ez-toc-heading-level-2'><a class=\"ez-toc-link ez-toc-heading-5\" href=\"https:\/\/www.ochutnejorech.sk\/blog\/den-matiek-2026-kedy-sa-slavi-tipy-na-darcaky\/#Preco_je_vyber_darceka_na_Den_matiek_tak_dolezity\" >Pre\u010do je v\u00fdber dar\u010deka na De\u0148 matiek tak d\u00f4le\u017eit\u00fd?<\/a><\/li><li class='ez-toc-page-1 ez-toc-heading-level-2'><a class=\"ez-toc-link ez-toc-heading-6\" href=\"https:\/\/www.ochutnejorech.sk\/blog\/den-matiek-2026-kedy-sa-slavi-tipy-na-darcaky\/#Od_klasiky_k_originalite_%E2%80%93_ako_vybrat_ten_pravy_darcek_pre_maminku\" >Od klasiky k originalite \u2013 ako vybra\u0165 ten prav\u00fd dar\u010dek pre maminku<\/a><\/li><li class='ez-toc-page-1 ez-toc-heading-level-2'><a class=\"ez-toc-link ez-toc-heading-7\" href=\"https:\/\/www.ochutnejorech.sk\/blog\/den-matiek-2026-kedy-sa-slavi-tipy-na-darcaky\/#Top_darceky_na_Den_matiek_2026_ktore_zarucene_potesia\" >Top dar\u010deky na De\u0148 matiek 2026, ktor\u00e9 zaru\u010dene pote\u0161ia<\/a><ul class='ez-toc-list-level-3' ><li class='ez-toc-heading-level-3'><a class=\"ez-toc-link ez-toc-heading-8\" href=\"https:\/\/www.ochutnejorech.sk\/blog\/den-matiek-2026-kedy-sa-slavi-tipy-na-darcaky\/#Gurmanske_balicky\" >Gurm\u00e1nske bal\u00ed\u010dky<\/a><\/li><li class='ez-toc-page-1 ez-toc-heading-level-3'><a class=\"ez-toc-link ez-toc-heading-9\" href=\"https:\/\/www.ochutnejorech.sk\/blog\/den-matiek-2026-kedy-sa-slavi-tipy-na-darcaky\/#Darcekove_kornuty\" >Dar\u010dekov\u00e9 korn\u00faty<\/a><\/li><li class='ez-toc-page-1 ez-toc-heading-level-3'><a class=\"ez-toc-link ez-toc-heading-10\" href=\"https:\/\/www.ochutnejorech.sk\/blog\/den-matiek-2026-kedy-sa-slavi-tipy-na-darcaky\/#Mix_%E2%80%9EPre_najuzasnejsiu_mamicku_na_svete%E2%80%9C_%E2%80%93_exkluzivny_darcek\" >Mix \u201ePre naj\u00fa\u017easnej\u0161iu mami\u010dku na svete&#8220; \u2013 exkluz\u00edvny dar\u010dek<\/a><\/li><li class='ez-toc-page-1 ez-toc-heading-level-3'><a class=\"ez-toc-link ez-toc-heading-11\" href=\"https:\/\/www.ochutnejorech.sk\/blog\/den-matiek-2026-kedy-sa-slavi-tipy-na-darcaky\/#Ochutnej_Orech_Mix_Milacik\" >Ochutnej O\u0159ech Mix Mil\u00e1\u010dik<\/a><\/li><li class='ez-toc-page-1 ez-toc-heading-level-3'><a class=\"ez-toc-link ez-toc-heading-12\" href=\"https:\/\/www.ochutnejorech.sk\/blog\/den-matiek-2026-kedy-sa-slavi-tipy-na-darcaky\/#Ochutnej_Orech_Mix_Pre_najuzasnejsiu_Maminku_na_svete\" >Ochutnej O\u0159ech Mix Pre naj\u00fa\u017easnej\u0161iu Maminku na svete<\/a><\/li><li class='ez-toc-page-1 ez-toc-heading-level-3'><a class=\"ez-toc-link ez-toc-heading-13\" href=\"https:\/\/www.ochutnejorech.sk\/blog\/den-matiek-2026-kedy-sa-slavi-tipy-na-darcaky\/#Ochutnej_Orech_Mix_Pre_skvelu_zensku\" >Ochutnej O\u0159ech Mix Pre skvel\u00fa \u017eensk\u00fa<\/a><\/li><\/ul><\/li><li class='ez-toc-page-1 ez-toc-heading-level-2'><a class=\"ez-toc-link ez-toc-heading-14\" href=\"https:\/\/www.ochutnejorech.sk\/blog\/den-matiek-2026-kedy-sa-slavi-tipy-na-darcaky\/#Ako_vybrat_ten_spravny_darcek_pre_vasu_maminu\" >Ako vybra\u0165 ten spr\u00e1vny dar\u010dek pre va\u0161u maminu<\/a><ul class='ez-toc-list-level-3' ><li class='ez-toc-heading-level-3'><a class=\"ez-toc-link ez-toc-heading-15\" href=\"https:\/\/www.ochutnejorech.sk\/blog\/den-matiek-2026-kedy-sa-slavi-tipy-na-darcaky\/#Podla_typu_osobnosti\" >Pod\u013ea typu osobnosti<\/a><\/li><li class='ez-toc-page-1 ez-toc-heading-level-3'><a class=\"ez-toc-link ez-toc-heading-16\" href=\"https:\/\/www.ochutnejorech.sk\/blog\/den-matiek-2026-kedy-sa-slavi-tipy-na-darcaky\/#Podla_veku_a_zivotneho_stylu\" >Pod\u013ea veku a \u017eivotn\u00e9ho \u0161t\u00fdlu<\/a><\/li><\/ul><\/li><li class='ez-toc-page-1 ez-toc-heading-level-2'><a class=\"ez-toc-link ez-toc-heading-17\" href=\"https:\/\/www.ochutnejorech.sk\/blog\/den-matiek-2026-kedy-sa-slavi-tipy-na-darcaky\/#Ako_originalne_predat_darcek_na_Den_matiek_2026\" >Ako origin\u00e1lne preda\u0165 dar\u010dek na De\u0148 matiek 2026<\/a><ul class='ez-toc-list-level-3' ><li class='ez-toc-heading-level-3'><a class=\"ez-toc-link ez-toc-heading-18\" href=\"https:\/\/www.ochutnejorech.sk\/blog\/den-matiek-2026-kedy-sa-slavi-tipy-na-darcaky\/#Kreativne_sposoby_balenia_a_odovzdania\" >Kreat\u00edvne spos\u00f4by balenia a odovzdania<\/a><\/li><li class='ez-toc-page-1 ez-toc-heading-level-3'><a class=\"ez-toc-link ez-toc-heading-19\" href=\"https:\/\/www.ochutnejorech.sk\/blog\/den-matiek-2026-kedy-sa-slavi-tipy-na-darcaky\/#Spojenie_s_aktivitou_alebo_zazitkom\" >Spojenie s aktivitou alebo z\u00e1\u017eitkom<\/a><\/li><li class='ez-toc-page-1 ez-toc-heading-level-3'><a class=\"ez-toc-link ez-toc-heading-20\" href=\"https:\/\/www.ochutnejorech.sk\/blog\/den-matiek-2026-kedy-sa-slavi-tipy-na-darcaky\/#Kedy_objednat_a_ako_zabezpecit_vcasne_dorucenie_darceka\" >Kedy objedna\u0165 a ako zabezpe\u010di\u0165 v\u010dasn\u00e9 doru\u010denie dar\u010deka<\/a><\/li><li class='ez-toc-page-1 ez-toc-heading-level-3'><a class=\"ez-toc-link ez-toc-heading-21\" href=\"https:\/\/www.ochutnejorech.sk\/blog\/den-matiek-2026-kedy-sa-slavi-tipy-na-darcaky\/#Terminy_pre_objednanie_darcekov_online\" >Term\u00edny pre objednanie dar\u010dekov online<\/a><\/li><li class='ez-toc-page-1 ez-toc-heading-level-3'><a class=\"ez-toc-link ez-toc-heading-22\" href=\"https:\/\/www.ochutnejorech.sk\/blog\/den-matiek-2026-kedy-sa-slavi-tipy-na-darcaky\/#Moznosti_dorucenia_a_osobneho_odovzdania\" >Mo\u017enosti doru\u010denia a osobn\u00e9ho odovzdania<\/a><\/li><\/ul><\/li><li class='ez-toc-page-1 ez-toc-heading-level-2'><a class=\"ez-toc-link ez-toc-heading-23\" href=\"https:\/\/www.ochutnejorech.sk\/blog\/den-matiek-2026-kedy-sa-slavi-tipy-na-darcaky\/#Domace_vs_kupovane_darceky_%E2%80%93_co_mamicky_skutocne_ocenia\" >Dom\u00e1ce vs. kupovan\u00e9 dar\u010deky \u2013 \u010do mami\u010dky skuto\u010dne ocenia<\/a><ul class='ez-toc-list-level-3' ><li class='ez-toc-heading-level-3'><a class=\"ez-toc-link ez-toc-heading-24\" href=\"https:\/\/www.ochutnejorech.sk\/blog\/den-matiek-2026-kedy-sa-slavi-tipy-na-darcaky\/#Kuzlo_rucne_vyrobenych_darcekov\" >K\u00fazlo ru\u010dne vyroben\u00fdch dar\u010dekov<\/a><\/li><\/ul><\/li><li class='ez-toc-page-1 ez-toc-heading-level-2'><a class=\"ez-toc-link ez-toc-heading-25\" href=\"https:\/\/www.ochutnejorech.sk\/blog\/den-matiek-2026-kedy-sa-slavi-tipy-na-darcaky\/#Vyhody_kvalitnych_kupovanych_darcekov\" >V\u00fdhody kvalitn\u00fdch kupovan\u00fdch dar\u010dekov<\/a><ul class='ez-toc-list-level-3' ><li class='ez-toc-heading-level-3'><a class=\"ez-toc-link ez-toc-heading-26\" href=\"https:\/\/www.ochutnejorech.sk\/blog\/den-matiek-2026-kedy-sa-slavi-tipy-na-darcaky\/#Idealna_kombinacia_%E2%80%93_osobny_dotyk_a_kvalitny_darcek\" >Ide\u00e1lna kombin\u00e1cia \u2013 osobn\u00fd dotyk a kvalitn\u00fd dar\u010dek<\/a><\/li><\/ul><\/li><li class='ez-toc-page-1 ez-toc-heading-level-2'><a class=\"ez-toc-link ez-toc-heading-27\" href=\"https:\/\/www.ochutnejorech.sk\/blog\/den-matiek-2026-kedy-sa-slavi-tipy-na-darcaky\/#Tradicie_a_zvyky_spojene_s_Dnom_matiek_vo_svete\" >Trad\u00edcie a zvyky spojen\u00e9 s D\u0148om matiek vo svete<\/a><\/li><li class='ez-toc-page-1 ez-toc-heading-level-2'><a class=\"ez-toc-link ez-toc-heading-28\" href=\"https:\/\/www.ochutnejorech.sk\/blog\/den-matiek-2026-kedy-sa-slavi-tipy-na-darcaky\/#Ako_sa_slavi_Den_matiek_v_roznych_kulturach\" >Ako sa sl\u00e1vi De\u0148 matiek v r\u00f4znych kult\u00farach<\/a><\/li><li class='ez-toc-page-1 ez-toc-heading-level-2'><a class=\"ez-toc-link ez-toc-heading-29\" href=\"https:\/\/www.ochutnejorech.sk\/blog\/den-matiek-2026-kedy-sa-slavi-tipy-na-darcaky\/#Ceske_tradicie_spojene_s_Dnom_matiek\" >\u010cesk\u00e9 trad\u00edcie spojen\u00e9 s D\u0148om matiek<\/a><\/li><li class='ez-toc-page-1 ez-toc-heading-level-2'><a class=\"ez-toc-link ez-toc-heading-30\" href=\"https:\/\/www.ochutnejorech.sk\/blog\/den-matiek-2026-kedy-sa-slavi-tipy-na-darcaky\/#Ako_zapojit_celu_rodinu_do_oslav_Dna_matiek\" >Ako zapoji\u0165 cel\u00fa rodinu do osl\u00e1v D\u0148a matiek<\/a><ul class='ez-toc-list-level-3' ><li class='ez-toc-heading-level-3'><a class=\"ez-toc-link ez-toc-heading-31\" href=\"https:\/\/www.ochutnejorech.sk\/blog\/den-matiek-2026-kedy-sa-slavi-tipy-na-darcaky\/#Napady_na_rodinne_aktivity_pre_Den_matiek_2026\" >N\u00e1pady na rodinn\u00e9 aktivity pre De\u0148 matiek 2026<\/a><\/li><\/ul><\/li><li class='ez-toc-page-1 ez-toc-heading-level-2'><a class=\"ez-toc-link ez-toc-heading-32\" href=\"https:\/\/www.ochutnejorech.sk\/blog\/den-matiek-2026-kedy-sa-slavi-tipy-na-darcaky\/#Ako_zapojit_aj_najmensich_clenov_rodiny\" >Ako zapoji\u0165 aj najmen\u0161\u00edch \u010dlenov rodiny<\/a><\/li><li class='ez-toc-page-1 ez-toc-heading-level-2'><a class=\"ez-toc-link ez-toc-heading-33\" href=\"https:\/\/www.ochutnejorech.sk\/blog\/den-matiek-2026-kedy-sa-slavi-tipy-na-darcaky\/#Casto_kladene_otazky\" >\u010casto kladen\u00e9 ot\u00e1zky<\/a><ul class='ez-toc-list-level-3' ><li class='ez-toc-heading-level-3'><a class=\"ez-toc-link ez-toc-heading-34\" href=\"https:\/\/www.ochutnejorech.sk\/blog\/den-matiek-2026-kedy-sa-slavi-tipy-na-darcaky\/#Kedy_presne_sa_slavi_Den_matiek_v_roku_2026\" >Kedy presne sa sl\u00e1vi De\u0148 matiek v roku 2026?<\/a><\/li><li class='ez-toc-page-1 ez-toc-heading-level-3'><a class=\"ez-toc-link ez-toc-heading-35\" href=\"https:\/\/www.ochutnejorech.sk\/blog\/den-matiek-2026-kedy-sa-slavi-tipy-na-darcaky\/#Preco_sa_Den_matiek_slavi_druhu_majovu_nedelu\" >Pre\u010do sa De\u0148 matiek sl\u00e1vi druh\u00fa m\u00e1jov\u00fa nede\u013eu?<\/a><\/li><li class='ez-toc-page-1 ez-toc-heading-level-3'><a class=\"ez-toc-link ez-toc-heading-36\" href=\"https:\/\/www.ochutnejorech.sk\/blog\/den-matiek-2026-kedy-sa-slavi-tipy-na-darcaky\/#Slavi_sa_Den_matiek_v_ten_isty_den_po_celom_svete\" >Sl\u00e1vi sa De\u0148 matiek v ten ist\u00fd de\u0148 po celom svete?<\/a><\/li><\/ul><\/li><\/ul><\/nav><\/div>\n<h2 class=\"wp-block-heading\"><span class=\"ez-toc-section\" id=\"Kedy_je_Den_matiek_v_roku_2026\"><\/span>Kedy je De\u0148 matiek v roku 2026?<span class=\"ez-toc-section-end\"><\/span><\/h2>\n\n\n<p>V \u010ceskej republike sa De\u0148 matiek sl\u00e1vi v\u017edy druh\u00fa m\u00e1jov\u00fa nede\u013eu. <strong>V roku 2026 pripada De\u0148 matiek na nede\u013eu 10. m\u00e1ja 2026.<\/strong> Tento term\u00edn si ur\u010dite poznamenajte do kalend\u00e1ra, aby ste na tento d\u00f4le\u017eit\u00fd sviatok nezabudli a mohli mami\u010dke v\u010das pripravi\u0165 kr\u00e1sne prekvapenie.<\/p>\n\n\n<p>Mo\u017eno ste si niekedy v\u0161imli, \u017ee sa d\u00e1tum D\u0148a matiek v r\u00f4znych krajin\u00e1ch l\u00ed\u0161i. Zatia\u013e \u010do u n\u00e1s a v mnoh\u00fdch \u010fal\u0161\u00edch krajin\u00e1ch sa dr\u017e\u00ed trad\u00edcia druhej m\u00e1jovej nedele, napr\u00edklad vo Ve\u013ekej Brit\u00e1nii sa sl\u00e1vi \u0161tvrt\u00fa postn\u00fa nede\u013eu a v arabsk\u00fdch krajin\u00e1ch 21. marca. <strong>Ka\u017ed\u00e1 krajina m\u00e1 skr\u00e1tka svoje vlastn\u00e9 trad\u00edcie, ale zmysel zost\u00e1va rovnak\u00fd \u2013 oceni\u0165 mami\u010dky za v\u0161etko, co pre n\u00e1s robia.<\/strong><\/p>\n\n\n<p><strong>Mohlo by v\u00e1s zauj\u00edma\u0165: Kedy je Medzin\u00e1rodn\u00fd de\u0148 rodiny, ako sa sl\u00e1vi a pre\u010do na\u0148 nezabudn\u00fa\u0165?<\/strong><\/p>\n\n\n<h2 class=\"wp-block-heading\"><span class=\"ez-toc-section\" id=\"Zhrnutie_pre_tych_co_nemaju_cas_citat_cely_clanok\"><\/span>Zhrnutie pre t\u00fdch, \u010do nemaj\u00fa \u010das \u010d\u00edta\u0165 cel\u00fd \u010dl\u00e1nok<span class=\"ez-toc-section-end\"><\/span><\/h2>\n\n\n<ul class=\"wp-block-list\">\n<li>De\u0148 matiek 2026 pripada <strong>na nede\u013eu 10. m\u00e1ja 2026<\/strong>.<\/li>\n\n\n\n<li>Najob\u013e\u00fabenej\u0161\u00edm dar\u010dekom s\u00fa st\u00e1le kvety, ide\u00e1lne doplnen\u00e9 nie\u010d\u00edm na zub.<\/li>\n\n\n\n<li>Origin\u00e1lnym dar\u010dekom m\u00f4\u017ee by\u0165 <strong><a href=\"https:\/\/www.ochutnejorech.sk\/produkt\/mix-pre-najuzasnejsiu-maminku-na-svete?varianta=1-kg\" data-type=\"link\" data-id=\"https:\/\/www.ochutnejorech.sk\/produkt\/mix-pre-najuzasnejsiu-maminku-na-svete?varianta=1-kg\" target=\"_blank\" rel=\"noreferrer noopener\">\u0161peci\u00e1lny mix orechov a su\u0161en\u00e9ho ovocia v dar\u010dekovom balen\u00ed<\/a><\/strong>.<\/li>\n\n\n\n<li>S objedn\u00e1vkou dar\u010deka je dobr\u00e9 za\u010da\u0165 najnesk\u00f4r t\u00fd\u017ede\u0148 pred sviatkom.<\/li>\n\n\n\n<li>Okrem k\u00fapen\u00fdch dar\u010dekov pote\u0161ia mami\u010dky aj spolo\u010dne str\u00e1ven\u00fd \u010das alebo ru\u010dne vyroben\u00e9 pozornosti.<\/li>\n<\/ul>\n\n\n<figure class=\"wp-block-image size-full\"><img decoding=\"async\" src=\"https:\/\/oosk.wps.cz\/wp-content\/uploads\/2026\/03\/den-matek-3.jpg\" alt=\"D\u00e1rky ke Dni matek\" class=\"wp-image-62324\"\/><\/figure>\n\n\n<h2 class=\"wp-block-heading\"><span class=\"ez-toc-section\" id=\"Historia_Dna_matiek_a_jeho_vyznam_v_slovenskej_tradicii\"><\/span>Hist\u00f3ria D\u0148a matiek a jeho v\u00fdznam v slovenskej trad\u00edcii<span class=\"ez-toc-section-end\"><\/span><\/h2>\n\n\n<p>Sk\u00f4r ako sa ponor\u00edme do tipov na dar\u010deky, pozrime sa kr\u00e1tko na hist\u00f3riu tohto sviatku. Viete, \u017ee podobn\u00e9 sviatky oslavuj\u00face matky a materstvo existovali u\u017e v starovekom Gr\u00e9cku? Vtedy \u013eudia sl\u00e1vili sviatok plodnosti a matiek, spojen\u00fd s uctievan\u00edm bohyne Rhey, ktor\u00e1 bola pova\u017eovan\u00e1 za matku v\u0161etk\u00fdch bohov.<\/p>\n\n\n<p>Modern\u00e1 podoba D\u0148a matiek, ako ho pozn\u00e1me dnes, vznikla na za\u010diatku 20. storo\u010dia v Amerike. V roku 1907 Anna Reeves Jarvisov\u00e1 spustila kampa\u0148 za ustanovenie D\u0148a matiek ako sp\u00f4sob, ako ucti\u0165 pamiatku svojej vlastnej matky a zd\u00f4razni\u0165 d\u00f4le\u017eitos\u0165 materskej \u00falohy v spolo\u010dnosti. Prezident Woodrow Wilson v roku 1914 ofici\u00e1lne vyhl\u00e1sil De\u0148 matiek ako celon\u00e1rodn\u00fd sviatok, ktor\u00fd sa mal sl\u00e1vi\u0165 druh\u00fa m\u00e1jov\u00fa nede\u013eu.<\/p>\n\n\n<h2 class=\"wp-block-heading\"><span class=\"ez-toc-section\" id=\"Ako_sa_dostal_Den_matiek_na_Slovensko\"><\/span>Ako sa dostal De\u0148 matiek na Slovensko?<span class=\"ez-toc-section-end\"><\/span><\/h2>\n\n\n<p><strong>Do vtedaj\u0161ieho \u010ceskoslovenska sa De\u0148 matiek dostal v roku 1923 a jeho ve\u013ekou propag\u00e1torkou bola Alice Masarykov\u00e1, dc\u00e9ra prv\u00e9ho \u010deskoslovensk\u00e9ho prezidenta. <\/strong>Zauj\u00edmavos\u0165ou je, \u017ee po\u010das komunistick\u00e9ho re\u017eimu bol tento sviatok zatla\u010dovan\u00fd do pozadia v prospech Medzin\u00e1rodn\u00e9ho d\u0148a \u017eien (MD\u017d), ktor\u00fd sa sl\u00e1vi 8. marca. Po revol\u00facii v roku 1989 sa De\u0148 matiek op\u00e4\u0165 vr\u00e1til do verejn\u00e9ho povedomia, aj ke\u010f mnoho Slov\u00e1kov sl\u00e1vi oba sviatky.<\/p>\n\n\n<h2 class=\"wp-block-heading\"><span class=\"ez-toc-section\" id=\"Preco_je_vyber_darceka_na_Den_matiek_tak_dolezity\"><\/span>Pre\u010do je v\u00fdber dar\u010deka na De\u0148 matiek tak d\u00f4le\u017eit\u00fd?<span class=\"ez-toc-section-end\"><\/span><\/h2>\n\n\n<p>Mami\u010dky s\u00fa \u010dasto tie, ktor\u00e9 sa o v\u0161etk\u00fdch staraj\u00fa, ale m\u00e1lokedy si dopraj\u00fa nie\u010do pre seba. <strong>De\u0148 matiek je perfektn\u00e1 pr\u00edle\u017eitos\u0165, ako im uk\u00e1za\u0165, \u017ee si ich starostlivos\u0165 v\u00e1\u017eime a chceme im spravi\u0165 rados\u0165. <\/strong>Dar\u010dek na De\u0148 matiek nie je len o materi\u00e1lnej hodnote \u2013 je to symbol na\u0161ej l\u00e1sky a v\u010fa\u010dnosti.<\/p>\n\n\n<p>Zamysleli ste sa niekedy nad t\u00fdm, \u010do va\u0161a mami\u010dka skuto\u010dne ocen\u00ed? Nie je to v\u017edy to najdrah\u0161ie alebo najok\u00e1zalej\u0161ie. \u010casto s\u00fa najcennej\u0161ie dar\u010deky tie, ktor\u00e9 <strong>ukazuj\u00fa, \u017ee sme o mami\u010dke prem\u00fd\u0161\u013eali, <\/strong>pozn\u00e1me jej z\u00e1ujmy a preferencie. Dar\u010dek, ktor\u00fd odr\u00e1\u017ea jej osobnos\u0165 alebo pripom\u00edna spolo\u010dn\u00e9 spomienky, m\u00e1 ove\u013ea v\u00e4\u010d\u0161iu emocion\u00e1lnu hodnotu ako nie\u010do, \u010do bolo k\u00fapen\u00e9 na posledn\u00fa chv\u00ed\u013eu.<\/p>\n\n\n<figure class=\"wp-block-image size-full\"><img decoding=\"async\" src=\"https:\/\/oosk.wps.cz\/wp-content\/uploads\/2026\/03\/den-matek-6.jpg\" alt=\"Den matek: Tipy na d\u00e1rky\" class=\"wp-image-62334\"\/><\/figure>\n\n\n<h2 class=\"wp-block-heading\"><span class=\"ez-toc-section\" id=\"Od_klasiky_k_originalite_%E2%80%93_ako_vybrat_ten_pravy_darcek_pre_maminku\"><\/span>Od klasiky k originalite \u2013 ako vybra\u0165 ten prav\u00fd dar\u010dek pre maminku<span class=\"ez-toc-section-end\"><\/span><\/h2>\n\n\n<p>Kvety s\u00fa tradi\u010dn\u00fd a ob\u013e\u00faben\u00fd dar\u010dek, ktor\u00fd sn\u00e1\u010f \u017eiadna maminka neodmietne. S\u00fa kr\u00e1snym vyjadren\u00edm l\u00e1sky a ne\u017enosti. Ale \u010do tak spoji\u0165 kvety s nie\u010d\u00edm, \u010do vydr\u017e\u00ed dlh\u0161ie ako p\u00e1r dn\u00ed? <strong>T\u00fdm sa dost\u00e1vame k ot\u00e1zke, ak\u00e9 <a href=\"https:\/\/www.ochutnejorech.sk\/kategorie\/darky-pro-maminku\" data-type=\"link\" data-id=\"https:\/\/www.ochutnejorech.sk\/kategorie\/darky-pro-maminku\" target=\"_blank\" rel=\"noreferrer noopener\">dar\u010deky<\/a> na De\u0148 matiek 2026 skuto\u010dne pote\u0161ia a bud\u00fa origin\u00e1lne.<\/strong><\/p>\n\n\n<h2 class=\"wp-block-heading\"><span class=\"ez-toc-section\" id=\"Top_darceky_na_Den_matiek_2026_ktore_zarucene_potesia\"><\/span>Top dar\u010deky na De\u0148 matiek 2026, ktor\u00e9 zaru\u010dene pote\u0161ia<span class=\"ez-toc-section-end\"><\/span><\/h2>\n\n\n<p>Nap\u00edsali sme pre v\u00e1s <strong>tipy na dar\u010deky pre maminky k D\u0148u matiek.<\/strong><\/p>\n\n\n<h3 class=\"wp-block-heading\"><span class=\"ez-toc-section\" id=\"Gurmanske_balicky\"><\/span>Gurm\u00e1nske bal\u00ed\u010dky <span class=\"ez-toc-section-end\"><\/span><\/h3>\n\n\n<p><strong>Jedn\u00fdm z najorigin\u00e1lnej\u0161\u00edch dar\u010dekov, ktor\u00e9 m\u00f4\u017eete maminke venova\u0165, s\u00fa <a href=\"https:\/\/www.ochutnejorech.sk\/produkt\/mix-pre-skvelu-zensku?varianta=1-kg\" target=\"_blank\" data-type=\"link\" data-id=\"https:\/\/www.ochutnejorech.sk\/produkt\/mix-pre-skvelu-zensku?varianta=1-kg\" rel=\"noreferrer noopener\">\u0161peci\u00e1lne gurm\u00e1nske bal\u00ed\u010dky<\/a>. <\/strong>Pre\u010do? Lebo sp\u00e1jaj\u00fa kr\u00e1sne s u\u017eito\u010dn\u00fdm. Na rozdiel od bonboni\u00e9ry zo supermarketu, ktor\u00e1 sa zje za jeden ve\u010der, <strong><a href=\"https:\/\/www.ochutnejorech.sk\/produkt\/mix-pre-najuzasnejsiu-maminku-na-svete?varianta=1-kg\" target=\"_blank\" data-type=\"link\" data-id=\"https:\/\/www.ochutnejorech.sk\/produkt\/mix-pre-najuzasnejsiu-maminku-na-svete?varianta=1-kg\" rel=\"noreferrer noopener\">kvalitn\u00fd mix orechov a su\u0161en\u00e9ho ovocia<\/a><\/strong> vydr\u017e\u00ed maminke ove\u013ea dlh\u0161ie.<\/p>\n\n\n<p>Predstavte si, \u017ee maminke darujete elegantn\u00e9 dar\u010dekov\u00e9 balenie pln\u00e9 jej ob\u013e\u00faben\u00fdch dobr\u00f4t. <strong>\u010co by mohlo by\u0165 v takom bal\u00ed\u010dku?<\/strong><\/p>\n\n\n<ul class=\"wp-block-list\">\n<li>\u0160\u0165avnat\u00e9 jahody obalen\u00e9 v kr\u00e9movom jahodovom jogurte,<\/li>\n\n\n\n<li>lahodn\u00e9 \u010dere\u0161ne v jogurte s vi\u0161\u0148ovou pr\u00edchu\u0165ou,<\/li>\n\n\n\n<li>pr\u00e9miov\u00e9 ke\u0161u orie\u0161ky natural,<\/li>\n\n\n\n<li>mandle v slanom karameli,<\/li>\n\n\n\n<li>ke\u0161u orie\u0161ky v bielej \u010dokol\u00e1de s malinovou pr\u00edchu\u0165ou.<\/li>\n<\/ul>\n\n\n<p>To v\u0161etko v kilovej ve\u013ekosti, aby maminka mala dostatok dobr\u00f4t na dlh\u00e9 t\u00fd\u017edne. Nie je to skvel\u00fd n\u00e1pad na dar\u010dek? Navy\u0161e je to nie\u010do, \u010do si m\u00f4\u017ee vychutna\u0165 po mal\u00fdch d\u00e1vkach, a zaka\u017ed\u00fdm si na v\u00e1s spomenie.<\/p>\n\n\n<h3 class=\"wp-block-heading\"><span class=\"ez-toc-section\" id=\"Darcekove_kornuty\"><\/span>Dar\u010dekov\u00e9 korn\u00faty <span class=\"ez-toc-section-end\"><\/span><\/h3>\n\n\n<p>\u010eal\u0161ou skvelou vo\u013ebou s\u00fa <strong>tematick\u00e9 <a href=\"https:\/\/www.ochutnejorech.sk\/produkt\/darcekovy-kornut-ochutnej-orech?varianta=300-g\" target=\"_blank\" data-type=\"link\" data-id=\"https:\/\/www.ochutnejorech.sk\/produkt\/darcekovy-kornut-ochutnej-orech?varianta=300-g\" rel=\"noreferrer noopener\">dar\u010dekov\u00e9 korn\u00faty<\/a><\/strong>, ktor\u00e9 m\u00f4\u017eete prisp\u00f4sobi\u0165 z\u00e1ujmom a preferenci\u00e1m va\u0161ej maminky. M\u00e1 rada \u010dokol\u00e1du? Potom ju iste pote\u0161\u00ed <strong><a href=\"https:\/\/www.ochutnejorech.sk\/produkt\/darcekovy-kornut-cokomandle-pre-maminku?varianta=600-g\" target=\"_blank\" data-type=\"link\" data-id=\"https:\/\/www.ochutnejorech.sk\/produkt\/darcekovy-kornut-cokomandle-pre-maminku?varianta=600-g\" rel=\"noreferrer noopener\">dar\u010dekov\u00fd korn\u00fat pln\u00fd mandl\u00ed v r\u00f4znych \u010dokol\u00e1dov\u00fdch polev\u00e1ch<\/a><\/strong> \u2013 od bielej \u010dokol\u00e1dy s kokosom cez hork\u00fa \u010dokol\u00e1du a\u017e po varianty s pr\u00edchu\u0165ou jah\u00f4d alebo cappuccina.<\/p>\n\n\n<p>A \u010do maminky, ktor\u00e9 preferuj\u00fa sk\u00f4r slan\u00e9 poch\u00fa\u0165ky? Aj pre ne existuj\u00fa skvel\u00e9 varianty \u2013 napr\u00edklad <strong><a href=\"https:\/\/www.ochutnejorech.sk\/produkt\/darcekovy-kornut-z-udiarene-pre-maminku?varianta=600-g\" data-type=\"link\" data-id=\"https:\/\/www.ochutnejorech.sk\/produkt\/darcekovy-kornut-z-udiarene-pre-maminku?varianta=600-g\" target=\"_blank\" rel=\"noreferrer noopener\">dar\u010dekov\u00fd korn\u00fat Z udiarene<\/a><\/strong> s \u00faden\u00fdmi mand\u013eami, ke\u0161u z udiarene, japonsk\u00fdmi perlami a kukuricou s pr\u00edchu\u0165ou barbecue. To je rozhodne in\u00e1 liga ako be\u017en\u00e9 slan\u00e9 zemiaky!<\/p>\n\n\n<figure class=\"wp-block-image size-full\"><img decoding=\"async\" src=\"https:\/\/oosk.wps.cz\/wp-content\/uploads\/2026\/03\/den-matek-4.jpg\" alt=\"D\u00e1rkov\u00e9 kornouty kde Dni matek\" class=\"wp-image-62323\"\/><\/figure>\n\n\n<h3 class=\"wp-block-heading\"><span class=\"ez-toc-section\" id=\"Mix_%E2%80%9EPre_najuzasnejsiu_mamicku_na_svete%E2%80%9C_%E2%80%93_exkluzivny_darcek\"><\/span>Mix \u201ePre naj\u00fa\u017easnej\u0161iu mami\u010dku na svete&#8220; \u2013 exkluz\u00edvny dar\u010dek<span class=\"ez-toc-section-end\"><\/span><\/h3>\n\n\n<p>Pokia\u013e h\u013ead\u00e1te naozaj v\u00fdnimo\u010dn\u00fd dar\u010dek, ktor\u00fd jasne vyjadr\u00ed, ako ve\u013emi si mami\u010dky v\u00e1\u017eite, <strong>\u0161pecialitou pre De\u0148 matiek 2026 m\u00f4\u017ee by\u0165 mix nazvan\u00fd <a href=\"https:\/\/www.ochutnejorech.sk\/produkt\/mix-pre-najuzasnejsiu-maminku-na-svete?varianta=1-kg\" data-type=\"link\" data-id=\"https:\/\/www.ochutnejorech.sk\/produkt\/mix-pre-najuzasnejsiu-maminku-na-svete?varianta=1-kg\" target=\"_blank\" rel=\"noreferrer noopener\">Pre naj\u00fa\u017easnej\u0161iu mami\u010dku na svete<\/a>.<\/strong> Tento pr\u00e9miov\u00fd mix, \u0161peci\u00e1lne zostaven\u00fd pre t\u00fato pr\u00edle\u017eitos\u0165, kombinuje to najlep\u0161ie z orechov a su\u0161en\u00e9ho ovocia v elegantnom dar\u010dekovom balen\u00ed.<\/p>\n\n\n<p>Pre\u010do je tento mix ide\u00e1lnym dar\u010dekom? Preto\u017ee mami\u010dke dopriaje chv\u00ed\u013eky relax\u00e1cie a p\u00f4\u017eitku len pre \u0148u samotn\u00fa. Ka\u017ed\u00e9 s\u00fasto je ako mal\u00e9 objatie a pripomienka, \u017ee si zasl\u00fa\u017ei len to najlep\u0161ie. A ruka na srdce \u2013 ko\u013eko mami\u010diek si dopriava tak\u00e9to mal\u00e9 luxusn\u00e9 radosti? V\u00e4\u010d\u0161inou myslia na v\u0161etk\u00fdch okolo, ale zab\u00fadaj\u00fa na seba. De\u0148 matiek je perfektn\u00e1 pr\u00edle\u017eitos\u0165, ako im dopria\u0165 nie\u010do v\u00fdnimo\u010dn\u00e9 len pre ne.<\/p>\n\n\n<div class=\"product-grid\">\n<div class=\"product-card\" data-product-id=\"B07-10-0010-04\" data-variant-id=\"HK80000101\" data-product-url=\"https:\/\/www.ochutnejorech.sk\/produkt\/mix-milacik?varianta=1-kg\" data-product-price-with-vat=\"15.29\" data-product-currency=\"EUR\" data-product-variant-name=\"1 kg\">\n  <div class=\"product-card-inner-wrapper\">\n    <div class=\"product-title-section\">\n      <a href=\"https:\/\/www.ochutnejorech.sk\/produkt\/mix-milacik?varianta=1-kg\" target=\"_blank\" rel=\"noopener\">\n        <div class=\"product-image-wrapper\">\n          <img decoding=\"async\" class=\"product-image\" src=\"https:\/\/cdn.ochutnejorech.cz\/cdn-cgi\/image\/w=225\/images\/cm49za1b6001clqa82quptlx3\/Obal_mockup_Mila_c_ek__1_.webp\" alt=\"Ochutnej O\u0159ech Mix Mil\u00e1\u010dik\" \/>\n        <\/div>\n        <h3 class=\"product-title\"><span class=\"ez-toc-section\" id=\"Ochutnej_Orech_Mix_Milacik\"><\/span>Ochutnej O\u0159ech Mix Mil\u00e1\u010dik<span class=\"ez-toc-section-end\"><\/span><\/h3>\n      <\/a>\n    <\/div>\n    <div class=\"product-info-wrapper\">\n      <span class=\"product-price\">15.29 \u20ac<\/span>\n    <\/div>\n  <\/div>\n<\/div>\n<div class=\"product-card\" data-product-id=\"B06-05-0007-02\" data-variant-id=\"_00000070K\" data-product-url=\"https:\/\/www.ochutnejorech.sk\/produkt\/mix-pre-najuzasnejsiu-maminku-na-svete?varianta=1-kg\" data-product-price-with-vat=\"13.59\" data-product-currency=\"EUR\" data-product-variant-name=\"1 kg\">\n  <div class=\"product-card-inner-wrapper\">\n    <div class=\"product-title-section\">\n      <a href=\"https:\/\/www.ochutnejorech.sk\/produkt\/mix-pre-najuzasnejsiu-maminku-na-svete?varianta=1-kg\" target=\"_blank\" rel=\"noopener\">\n        <div class=\"product-image-wrapper\">\n          <img decoding=\"async\" class=\"product-image\" src=\"https:\/\/cdn.ochutnejorech.cz\/cdn-cgi\/image\/w=225\/images\/cm78wy6np0q4abk02kdazu0ob\/Obal_mockup_Maminka.webp\" alt=\"Ochutnej O\u0159ech Mix Pre naj\u00fa\u017easnej\u0161iu Maminku na svete\" \/>\n        <\/div>\n        <h3 class=\"product-title\"><span class=\"ez-toc-section\" id=\"Ochutnej_Orech_Mix_Pre_najuzasnejsiu_Maminku_na_svete\"><\/span>Ochutnej O\u0159ech Mix Pre naj\u00fa\u017easnej\u0161iu Maminku na svete<span class=\"ez-toc-section-end\"><\/span><\/h3>\n      <\/a>\n    <\/div>\n    <div class=\"product-info-wrapper\">\n      <span class=\"product-price\">13.59 \u20ac<\/span>\n    <\/div>\n  <\/div>\n<\/div>\n<div class=\"product-card\" data-product-id=\"B06-05-0007-01\" data-variant-id=\"_000000703\" data-product-url=\"https:\/\/www.ochutnejorech.sk\/produkt\/mix-pre-skvelu-zensku?varianta=1-kg\" data-product-price-with-vat=\"13.59\" data-product-currency=\"EUR\" data-product-variant-name=\"1 kg\">\n  <div class=\"product-card-inner-wrapper\">\n    <div class=\"product-title-section\">\n      <a href=\"https:\/\/www.ochutnejorech.sk\/produkt\/mix-pre-skvelu-zensku?varianta=1-kg\" target=\"_blank\" rel=\"noopener\">\n        <div class=\"product-image-wrapper\">\n          <img decoding=\"async\" class=\"product-image\" src=\"https:\/\/cdn.ochutnejorech.cz\/cdn-cgi\/image\/w=225\/images\/cm5ksokdu0wcfqu4ijfyywphj\/Obal_mockup_Skve_la__z_enska___1_.webp\" alt=\"Ochutnej O\u0159ech Mix Pre skvel\u00fa \u017eensk\u00fa\" \/>\n        <\/div>\n        <h3 class=\"product-title\"><span class=\"ez-toc-section\" id=\"Ochutnej_Orech_Mix_Pre_skvelu_zensku\"><\/span>Ochutnej O\u0159ech Mix Pre skvel\u00fa \u017eensk\u00fa<span class=\"ez-toc-section-end\"><\/span><\/h3>\n      <\/a>\n    <\/div>\n    <div class=\"product-info-wrapper\">\n      <span class=\"product-price\">13.59 \u20ac<\/span>\n    <\/div>\n  <\/div>\n<\/div>\n<\/div>\n\n\n<h2 class=\"wp-block-heading\"><span class=\"ez-toc-section\" id=\"Ako_vybrat_ten_spravny_darcek_pre_vasu_maminu\"><\/span>Ako vybra\u0165 ten spr\u00e1vny dar\u010dek pre va\u0161u maminu<span class=\"ez-toc-section-end\"><\/span><\/h2>\n\n\n<p><strong>Pri v\u00fdbere dar\u010deka je d\u00f4le\u017eit\u00e9 myslie\u0165 na osobnos\u0165 a preferencie va\u0161ej maminy.<\/strong> Je sk\u00f4r praktick\u00e1 alebo m\u00e1 rada luxusn\u00e9 mali\u010dkosti? Preferuje sladk\u00e9 alebo slan\u00e9? <\/p>\n\n\n<h3 class=\"wp-block-heading\"><span class=\"ez-toc-section\" id=\"Podla_typu_osobnosti\"><\/span>Pod\u013ea typu osobnosti<span class=\"ez-toc-section-end\"><\/span><\/h3>\n\n\n<p>Pre praktick\u00e9 maminy m\u00f4\u017eu by\u0165 skvel\u00fdm dar\u010dekom <strong>kvalitn\u00e9 potraviny, ktor\u00e9 skuto\u010dne vyu\u017eije a ktor\u00e9 jej u\u0161etria \u010das. <\/strong>Mix orechov a su\u0161en\u00e9ho ovocia je ide\u00e1lnou sva\u010dinkou, ktor\u00fa si m\u00f4\u017ee vzia\u0165 do pr\u00e1ce alebo si ju dopria\u0165 ve\u010der pri ob\u013e\u00fabenom seri\u00e1li.<\/p>\n\n\n<p>Pre maminy, ktor\u00e9 si rady dopraj\u00fa luxus a rozmazn\u00e1vanie, m\u00f4\u017eete vybra\u0165 pr\u00e9miov\u00e9 varianty s exotick\u00fdmi pr\u00edchu\u0165ami alebo neobvykl\u00fdmi kombin\u00e1ciami. <\/p>\n\n\n<h3 class=\"wp-block-heading\"><span class=\"ez-toc-section\" id=\"Podla_veku_a_zivotneho_stylu\"><\/span>Pod\u013ea veku a \u017eivotn\u00e9ho \u0161t\u00fdlu<span class=\"ez-toc-section-end\"><\/span><\/h3>\n\n\n<p>Mlad\u0161ie maminy \u010dasto ocenia <strong>modern\u00e9 a trendov\u00e9 dar\u010deky, ktor\u00e9 m\u00f4\u017eu zdie\u013ea\u0165 so svojimi priate\u013emi alebo ich vyu\u017ei\u0165 pri spolo\u010densk\u00fdch pr\u00edle\u017eitostiach.<\/strong> Star\u0161ie maminy m\u00f4\u017eu ma\u0165 rados\u0165 <strong>z dar\u010dekov, ktor\u00e9 im pripomen\u00fa tradi\u010dn\u00e9 chute alebo ich prekvapia nie\u010d\u00edm nov\u00fdm, \u010do e\u0161te nesk\u00fasili.<\/strong><\/p>\n\n\n<p>Akt\u00edvne maminy iste pote\u0161ia <strong>zdrav\u00e9 alternat\u00edvy ku sladkostiam <\/strong>\u2013 t\u0159eba mix s vy\u0161\u0161\u00edm podielom orechov, ktor\u00e9 dodaj\u00fa energiu. Pre maminy, ktor\u00e9 si rady dopraj\u00fa chv\u00ed\u013eku pokoja s knihou alebo filmom, m\u00f4\u017ee by\u0165 ide\u00e1lna kombin\u00e1cia r\u00f4znych pochut\u00edn, ktor\u00e9 im tento z\u00e1\u017eitok e\u0161te spr\u00edjemnia.<\/p>\n\n\n<figure class=\"wp-block-image size-full\"><img decoding=\"async\" src=\"https:\/\/oosk.wps.cz\/wp-content\/uploads\/2026\/03\/den-matek-2.jpg\" alt=\"D\u00e1rkov\u00e9 o\u0159\u00ed\u0161kov\u00e9 mixy ke Dni matek\" class=\"wp-image-62325\"\/><\/figure>\n\n\n<h2 class=\"wp-block-heading\"><span class=\"ez-toc-section\" id=\"Ako_originalne_predat_darcek_na_Den_matiek_2026\"><\/span>Ako origin\u00e1lne preda\u0165 dar\u010dek na De\u0148 matiek 2026<span class=\"ez-toc-section-end\"><\/span><\/h2>\n\n\n<p>Nezabudnite, \u017ee rovnako d\u00f4le\u017eit\u00fd ako samotn\u00fd dar\u010dek je aj spos\u00f4b, ak\u00fdm ho pred\u00e1te. Mal\u00e9 detaily m\u00f4\u017eu z be\u017en\u00e9ho odovzdania dar\u010deka urobi\u0165 nezabudnute\u013en\u00fd okamih.<\/p>\n\n\n<h3 class=\"wp-block-heading\"><span class=\"ez-toc-section\" id=\"Kreativne_sposoby_balenia_a_odovzdania\"><\/span>Kreat\u00edvne spos\u00f4by balenia a odovzdania<span class=\"ez-toc-section-end\"><\/span><\/h3>\n\n\n<p>Okrem tradi\u010dn\u00e9ho dar\u010dekov\u00e9ho balenia m\u00f4\u017eete <strong>prida\u0165 osobn\u00fd dotyk \u2013 napr\u00edklad ru\u010dne nap\u00edsan\u00e9 prianie, fotografiu spolo\u010dn\u00fdch spomienok alebo mal\u00fa b\u00e1sni\u010dku.<\/strong> Ak ste kreat\u00edvni, m\u00f4\u017eete dar\u010dek zabali\u0165 do vlastnoru\u010dne vyroben\u00e9ho baliaceho papiera, alebo ho ozdobi\u0165 origin\u00e1lnou ma\u0161\u013eou a doplnkami z kreat\u00edvneho papiera, ktor\u00fd dod\u00e1 baleniu osobit\u00fd a n\u00e1padit\u00fd vzh\u013ead.<\/p>\n\n\n<h3 class=\"wp-block-heading\"><span class=\"ez-toc-section\" id=\"Spojenie_s_aktivitou_alebo_zazitkom\"><\/span>Spojenie s aktivitou alebo z\u00e1\u017eitkom<span class=\"ez-toc-section-end\"><\/span><\/h3>\n\n\n<p><strong>Najkraj\u0161ie dar\u010deky s\u00fa \u010dasto tie, ktor\u00e9 s\u00fa spojen\u00e9 so spolo\u010dn\u00fdm z\u00e1\u017eitkom.<\/strong> \u010co tak pripravi\u0165 mami\u010dke ra\u0148ajky do postele a k nim prida\u0165 dar\u010dekov\u00fd bal\u00ed\u010dek? Alebo napl\u00e1nova\u0165 v\u00fdlet na jej ob\u013e\u00faben\u00e9 miesto a po\u010das neho ju prekvapi\u0165 pripraven\u00fdm piknikovm s lah\u00f4dkami?<\/p>\n\n\n<p>Mohli by ste tie\u017e zorganizova\u0165 mal\u00fa rodinn\u00fa oslavu, kde mami\u010dke odovzd\u00e1te dar\u010dek v kruhu najbli\u017e\u0161\u00edch. Tak\u00e9to gest\u00e1 ukazuj\u00fa, \u017ee ste do pr\u00edpravy vlo\u017eili \u010das a energiu, \u010do mami\u010dky v\u017edy ocenia viac ako samotn\u00fa materi\u00e1lnu hodnotu dar\u010deka.<\/p>\n\n\n<h3 class=\"wp-block-heading\"><span class=\"ez-toc-section\" id=\"Kedy_objednat_a_ako_zabezpecit_vcasne_dorucenie_darceka\"><\/span>Kedy objedna\u0165 a ako zabezpe\u010di\u0165 v\u010dasn\u00e9 doru\u010denie dar\u010deka<span class=\"ez-toc-section-end\"><\/span><\/h3>\n\n\n<p><strong>Aby sme v\u00e1m u\u0161etrili stres s objedn\u00e1van\u00edm na posledn\u00fa chv\u00ed\u013eu, tu je nieko\u013eko praktick\u00fdch tipov, ktor\u00e9 zabezpe\u010dia, \u017ee v\u00e1\u0161 dar\u010dek doraz\u00ed v\u010das:<\/strong><\/p>\n\n\n<h3 class=\"wp-block-heading\"><span class=\"ez-toc-section\" id=\"Terminy_pre_objednanie_darcekov_online\"><\/span>Term\u00edny pre objednanie dar\u010dekov online<span class=\"ez-toc-section-end\"><\/span><\/h3>\n\n\n<p>Pri objedn\u00e1van\u00ed dar\u010dekov online je v\u017edy lep\u0161ie po\u010d\u00edta\u0165 s rezervou. Pre De\u0148 matiek 2026, ktor\u00fd pripad\u00e1 na 10. m\u00e1ja, by ste mali ide\u00e1lne objedna\u0165 dar\u010dek <strong>najnesk\u00f4r do 4. m\u00e1ja.<\/strong> Mnoho e-shopov pred D\u0148om matiek garantuje doru\u010denie pri objedn\u00e1vke do ur\u010dit\u00e9ho d\u00e1tumu \u2013 napr\u00edklad do 6. m\u00e1ja 2026.<\/p>\n\n\n<p>Ak objedn\u00e1vate personalizovan\u00e9 alebo \u0161peci\u00e1lne dar\u010deky, ktor\u00e9 vy\u017eaduj\u00fa dlh\u0161iu pr\u00edpravu, je lep\u0161ie za\u010da\u0165 s objedn\u00e1vkou e\u0161te sk\u00f4r, ide\u00e1lne u\u017e v apr\u00edli. T\u00fdm si zabezpe\u010d\u00edte dostatok \u010dasu na pr\u00edpadn\u00e9 \u00fapravy alebo rie\u0161enie neo\u010dak\u00e1van\u00fdch situ\u00e1ci\u00ed s doru\u010den\u00edm.<\/p>\n\n\n<h3 class=\"wp-block-heading\"><span class=\"ez-toc-section\" id=\"Moznosti_dorucenia_a_osobneho_odovzdania\"><\/span>Mo\u017enosti doru\u010denia a osobn\u00e9ho odovzdania<span class=\"ez-toc-section-end\"><\/span><\/h3>\n\n\n<p>Pri objedn\u00e1van\u00ed online m\u00e1te obvykle nieko\u013eko mo\u017enost\u00ed doru\u010denia \u2013 <strong>od klasickej po\u0161ty cez kuri\u00e9rske slu\u017eby a\u017e po vyzdvihnutie na v\u00fddajn\u00fdch miestach.<\/strong> Ak chcete ma\u0165 istotu, \u017ee dar\u010dek doraz\u00ed v perfektnom stave a v\u010das, m\u00f4\u017ee by\u0165 dobrou vo\u013ebou kuri\u00e9rska slu\u017eba, aj ke\u010f je obvykle drah\u0161ia.<\/p>\n\n\n<p>\u010eal\u0161ou mo\u017enos\u0165ou je necha\u0165 si dar\u010dek doru\u010di\u0165 k sebe a odovzda\u0165 ho mami\u010dke osobne. To v\u00e1m umo\u017en\u00ed skontrolova\u0165 stav dar\u010deka pred odovzdan\u00edm a pr\u00edpadne ho e\u0161te nie\u010d\u00edm doplni\u0165.<\/p>\n\n\n<h2 class=\"wp-block-heading\"><span class=\"ez-toc-section\" id=\"Domace_vs_kupovane_darceky_%E2%80%93_co_mamicky_skutocne_ocenia\"><\/span>Dom\u00e1ce vs. kupovan\u00e9 dar\u010deky \u2013 \u010do mami\u010dky skuto\u010dne ocenia<span class=\"ez-toc-section-end\"><\/span><\/h2>\n\n\n<p>Diskusia o tom, \u010di mami\u010dky viac ocenia dom\u00e1ce alebo kupovan\u00e9 dar\u010deky, nem\u00e1 jednozna\u010dn\u00fa odpove\u010f. Pravda je, \u017ee <strong>z\u00e1le\u017e\u00ed na osobnosti mami\u010dky, va\u0161ich zru\u010dnostiach a tie\u017e na tom, ko\u013eko \u010dasu m\u00f4\u017eete pr\u00edprave dar\u010deka venova\u0165.<\/strong><\/p>\n\n\n<h3 class=\"wp-block-heading\"><span class=\"ez-toc-section\" id=\"Kuzlo_rucne_vyrobenych_darcekov\"><\/span>K\u00fazlo ru\u010dne vyroben\u00fdch dar\u010dekov<span class=\"ez-toc-section-end\"><\/span><\/h3>\n\n\n<p>Dom\u00e1ce dar\u010deky maj\u00fa nespochybnite\u013en\u00e9 k\u00fazlo \u2013 s\u00fa jedine\u010dn\u00e9, osobn\u00e9 a jasne ukazuj\u00fa, \u017ee ste do nich vlo\u017eili svoj \u010das a energiu. Ru\u010dne vyroben\u00e9 priania, fotoalb\u00e1 so spolo\u010dn\u00fdmi spomienkami alebo dokonca dom\u00e1ce pe\u010divo \u010di zav\u00e1raniny m\u00f4\u017eu ma\u0165 pre mami\u010dku obrovsk\u00fa emocion\u00e1lnu hodnotu.<\/p>\n\n\n<p>Ak sa rozhodnete pre dom\u00e1ci dar\u010dek, nemus\u00edte by\u0165 profesion\u00e1lny umelec alebo kuch\u00e1r. Aj jednoduch\u00e9 veci, ako je kol\u00e1\u017e z fotografi\u00ed, ru\u010dne ma\u013eovan\u00fd hrn\u010dek alebo list, v ktorom vyjadr\u00edte, \u010do pre v\u00e1s mami\u010dka znamen\u00e1, m\u00f4\u017eu by\u0165 nesmierne dojemn\u00e9 a cenn\u00e9.<\/p>\n\n\n<h2 class=\"wp-block-heading\"><span class=\"ez-toc-section\" id=\"Vyhody_kvalitnych_kupovanych_darcekov\"><\/span>V\u00fdhody kvalitn\u00fdch kupovan\u00fdch dar\u010dekov<span class=\"ez-toc-section-end\"><\/span><\/h2>\n\n\n<p>Na druh\u00fa stranu, kvalitn\u00e9 kupovan\u00e9 dar\u010deky maj\u00fa tie\u017e svoje nesporn\u00e9\u00e9 v\u00fdhody. <strong>Profesion\u00e1lne produkty ako gurm\u00e1nske \u0161peciality alebo wellness z\u00e1\u017eitky m\u00f4\u017eu mami\u010dke pon\u00faknu\u0165 \u00farove\u0148 po\u017eitku, ktor\u00fa by dom\u00e1cimi prostriedkami bolo \u0165a\u017ek\u00e9 dosiahnu\u0165.<\/strong><\/p>\n\n\n<p>Navy\u0161e, nie ka\u017ed\u00fd m\u00e1 \u010das alebo zru\u010dnosti na vytvorenie skuto\u010dne poveden\u00e9ho dom\u00e1ceho dar\u010deka. V takom pr\u00edpade je ove\u013ea lep\u0161ie vybra\u0165 kvalitn\u00fd kupovan\u00fd dar\u010dek, do ktor\u00e9ho v\u00fdberu ste vlo\u017eili snahu a porozumenie tomu, \u010do mami\u010dka skuto\u010dne ocen\u00ed.<\/p>\n\n\n<h3 class=\"wp-block-heading\"><span class=\"ez-toc-section\" id=\"Idealna_kombinacia_%E2%80%93_osobny_dotyk_a_kvalitny_darcek\"><\/span>Ide\u00e1lna kombin\u00e1cia \u2013 osobn\u00fd dotyk a kvalitn\u00fd dar\u010dek<span class=\"ez-toc-section-end\"><\/span><\/h3>\n\n\n<p>Mo\u017eno najlep\u0161\u00edm rie\u0161en\u00edm je kombin\u00e1cia oboch pr\u00edstupov. Ku kupovan\u00e9mu dar\u010deku, ako je napr\u00edklad <strong>\u0161peci\u00e1lny mix orechov a su\u0161en\u00e9ho ovocia<\/strong>, m\u00f4\u017eete prida\u0165 ru\u010dne vyroben\u00e9 prianie alebo mal\u00fd osobn\u00fd list. Alebo m\u00f4\u017eete hlavn\u00fd dar\u010dek doplni\u0165 drobnou dom\u00e1cou pozornos\u0165ou \u2013 napr\u00edklad vlastnoru\u010dne upe\u010den\u00fdmi su\u0161ienkami alebo mal\u00fdm kvetin\u00e1\u010dom s bylinkami, o ktor\u00e9 ste sami pe\u010dovali.<\/p>\n\n\n<p>Takto mami\u010dke uk\u00e1\u017eete, \u017ee ste investovali tak do kvality dar\u010deka, ako aj do osobn\u00e9ho vyjadrenia va\u0161ich citov. A to je kombin\u00e1cia, ktor\u00e1 pravdepodobne pote\u0161\u00ed ka\u017ed\u00fa mami\u010dku.<\/p>\n\n\n<figure class=\"wp-block-image size-full\"><img decoding=\"async\" src=\"https:\/\/oosk.wps.cz\/wp-content\/uploads\/2026\/03\/den-matek-8.jpg\" alt=\"Den matek\" class=\"wp-image-62332\"\/><\/figure>\n\n\n<h2 class=\"wp-block-heading\"><span class=\"ez-toc-section\" id=\"Tradicie_a_zvyky_spojene_s_Dnom_matiek_vo_svete\"><\/span>Trad\u00edcie a zvyky spojen\u00e9 s D\u0148om matiek vo svete<span class=\"ez-toc-section-end\"><\/span><\/h2>\n\n\n<p><strong>De\u0148 matiek je sv\u00e1tek sl\u00e1ven\u00fd po celom svete, ale v r\u00f4znych krajin\u00e1ch m\u00e1 r\u00f4zne podoby a trad\u00edcie.<\/strong> Po\u010fme sa pozrie\u0165 na niektor\u00e9 zauj\u00edmav\u00e9 zvyky, ktor\u00e9 by v\u00e1s mohli in\u0161pirova\u0165 pre oslavu v roku 2026.<\/p>\n\n\n<h2 class=\"wp-block-heading\"><span class=\"ez-toc-section\" id=\"Ako_sa_slavi_Den_matiek_v_roznych_kulturach\"><\/span>Ako sa sl\u00e1vi De\u0148 matiek v r\u00f4znych kult\u00farach<span class=\"ez-toc-section-end\"><\/span><\/h2>\n\n\n<p><strong>V Spojen\u00fdch \u0161t\u00e1toch, odkia\u013e modern\u00e1 podoba sviatku poch\u00e1dza, je De\u0148 matiek jedn\u00fdm z najv\u00fdznamnej\u0161\u00edch sviatkov roku.<\/strong> Okrem dar\u010dekov a kvet\u00edn je obvykl\u00e9 pozva\u0165 mami\u010dku na sl\u00e1vnostn\u00fd brunch alebo obed mimo domova. Re\u0161taur\u00e1cie b\u00fdvaj\u00fa v tento de\u0148 \u00faplne zaplnen\u00e9 a mnoh\u00e9 pon\u00fakaj\u00fa \u0161peci\u00e1lne menu pre t\u00fato pr\u00edle\u017eitos\u0165.<\/p>\n\n\n<p>Vo Ve\u013ekej Brit\u00e1nii, kde sa sv\u00e1tek sl\u00e1vi ako <em>Mothering Sunday<\/em> po\u010das p\u00f4stneho obdobia, bolo tradi\u010dne zvykom, \u017ee slu\u017eobn\u00edctvo dostalo vo\u013eno, aby mohlo nav\u0161t\u00edvi\u0165 svoje matky. S\u00fa\u010das\u0165ou trad\u00edcie bol aj \u0161peci\u00e1lny kol\u00e1\u010d naz\u00fdvan\u00fd <em>Simnel cake<\/em> \u2013 ovocn\u00fd kol\u00e1\u010d s vrstvou marcip\u00e1nu.<\/p>\n\n\n<p>V Japonsku deti kreslia obr\u00e1zky svojich matiek a z\u00fa\u010dast\u0148uj\u00fa sa s\u00fa\u0165a\u017e\u00ed o najkraj\u0161iu kresbu. Typick\u00fdmi dar\u010dekmi s\u00fa tu \u010derven\u00e9 karafi\u00e1ty alebo orchidey symbolizuj\u00face \u010distotu a silu materskej l\u00e1sky.<\/p>\n\n\n<h2 class=\"wp-block-heading\"><span class=\"ez-toc-section\" id=\"Ceske_tradicie_spojene_s_Dnom_matiek\"><\/span>\u010cesk\u00e9 trad\u00edcie spojen\u00e9 s D\u0148om matiek<span class=\"ez-toc-section-end\"><\/span><\/h2>\n\n\n<p>V \u010deskom prostred\u00ed nem\u00e1 De\u0148 matiek tak\u00fa dlh\u00fa trad\u00edciu ako v niektor\u00fdch in\u00fdch krajin\u00e1ch, ale aj u n\u00e1s sa vyvinuli ur\u010dit\u00e9 zvyky. Medzi najkraj\u0161ie patria \u0161kolsk\u00e9 besiedky, kde deti pripravuj\u00fa program pre mami\u010dky \u2013 recituj\u00fa b\u00e1sni\u010dky, spievaj\u00fa piesni\u010dky alebo pripravuj\u00fa mal\u00e9 divadeln\u00e9 predstavenia.<\/p>\n\n\n<p>Tradi\u010dnou sou\u010das\u0165ou osl\u00e1v je aj odovzd\u00e1vanie ru\u010dne vyroben\u00fdch dar\u010dekov a priani\u010diek, ktor\u00e9 deti vytvoria v \u0161kole alebo \u0161k\u00f4lke. Tieto drobn\u00e9 pozornosti maj\u00fa pre mami\u010dky \u010dasto v\u00e4\u010d\u0161iu hodnotu ako drah\u00e9 dar\u010deky.<\/p>\n\n\n<p>V mnoh\u00fdch rodin\u00e1ch je zvykom, \u017ee oteckovia a deti prevezm\u00fa v tento de\u0148 v\u0161etky dom\u00e1ce pr\u00e1ce, aby si mami\u010dka mohla odd\u00fdchnu\u0165 a u\u017ei\u0165 si svoj sviatok. Pripravuj\u00fa ra\u0148ajky do postele, varia obed alebo ve\u010deru a staraj\u00fa sa o to, aby mami\u010dka nemusela robi\u0165 v\u00f4bec ni\u010d.<\/p>\n\n\n<h2 class=\"wp-block-heading\"><span class=\"ez-toc-section\" id=\"Ako_zapojit_celu_rodinu_do_oslav_Dna_matiek\"><\/span>Ako zapoji\u0165 cel\u00fa rodinu do osl\u00e1v D\u0148a matiek<span class=\"ez-toc-section-end\"><\/span><\/h2>\n\n\n<p>De\u0148 matiek je skvelou pr\u00edle\u017eitos\u0165ou na to, aby sa cel\u00e1 rodina spojila a spolo\u010dne vyjadrila v\u010fa\u010dnos\u0165 mami\u010dke. <strong>Ako na to, aby bola oslava skuto\u010dne nezabudnute\u013en\u00e1?<\/strong><\/p>\n\n\n<h3 class=\"wp-block-heading\"><span class=\"ez-toc-section\" id=\"Napady_na_rodinne_aktivity_pre_Den_matiek_2026\"><\/span>N\u00e1pady na rodinn\u00e9 aktivity pre De\u0148 matiek 2026<span class=\"ez-toc-section-end\"><\/span><\/h3>\n\n\n<p>Piknik v pr\u00edrode m\u00f4\u017ee by\u0165 skvel\u00fdm sp\u00f4sobom, ako str\u00e1vi\u0165 De\u0148 matiek, ak bude 10. m\u00e1ja 2026 pekn\u00e9 po\u010dasie. Pripravte mami\u010dke jej ob\u013e\u00faben\u00e9 jedlo, n\u00e1jdite pekn\u00e9 miesto a u\u017eite si spolo\u010dn\u00fd \u010das v pr\u00edrode.<\/p>\n\n\n<p>Rodinn\u00e9 fotografovanie je \u010fal\u0161ou aktivitou, ktor\u00fa m\u00f4\u017eete napl\u00e1nova\u0165. Najmite profesion\u00e1lneho fotografa alebo sa jednoducho len vystrojte a spravte si pekn\u00e9 rodinn\u00e9 fotografie, ktor\u00e9 mami\u010dke zostan\u00fa ako spomienka.<\/p>\n\n\n<p>Workshop alebo kurz m\u00f4\u017ee by\u0165 skvel\u00fdm z\u00e1\u017eitkom, ak va\u0161a mami\u010dka rada sk\u00fa\u0161a nov\u00e9 veci. \u010ci u\u017e ide o kurz keramiky, ma\u013eovania, varenia alebo napr\u00edklad j\u00f3gy \u2013 spolo\u010dn\u00fd z\u00e1\u017eitok a nov\u00e1 zru\u010dnos\u0165 m\u00f4\u017eu by\u0165 hodnotnej\u0161\u00edm dar\u010dekom ako ak\u00e1ko\u013evek vec.<\/p>\n\n\n<h2 class=\"wp-block-heading\"><span class=\"ez-toc-section\" id=\"Ako_zapojit_aj_najmensich_clenov_rodiny\"><\/span>Ako zapoji\u0165 aj najmen\u0161\u00edch \u010dlenov rodiny<span class=\"ez-toc-section-end\"><\/span><\/h2>\n\n\n<p>Aj mal\u00e9 deti m\u00f4\u017eu v\u00fdznamne prispie\u0165 k oslave D\u0148a matiek. M\u00f4\u017eu napr\u00edklad pripravi\u0165 jednoduch\u00e9 priani\u010dko \u2013 odtla\u010dok ruky alebo nohy na papieri s vesel\u00fdmi farbami urob\u00ed ka\u017edej mami\u010dke alebo babi\u010dke rados\u0165.<\/p>\n\n\n<p>Star\u0161ie deti m\u00f4\u017eu pom\u00f4c\u0165 s pr\u00edpravou jednoduch\u00e9ho jedla, napr\u00edklad ra\u0148ajok do postele, alebo sa nau\u010di\u0165 jednoduch\u00fa b\u00e1sni\u010dku \u010di piesni\u010dku, ktor\u00fa mami\u010dke prednes\u00fa.<\/p>\n\n\n<p>Teenageri by mohli pripravi\u0165 video mont\u00e1\u017e z rodinn\u00fdch fotografi\u00ed alebo nato\u010di\u0165 kr\u00e1tke video, v ktorom vyjadruj\u00fa, co pre nich mami\u010dka znamen\u00e1. V dne\u0161nej digit\u00e1lnej dobe s\u00fa tak\u00e9to projekty relat\u00edvne jednoduch\u00e9 aj pre t\u00fdch, ktor\u00ed nemaj\u00fa profesion\u00e1lne vybavenie alebo sk\u00fasenosti.<\/p>\n\n\n<p><strong>TIP: \u010co tak urobi\u0165 rados\u0165 aj sebe? Vysk\u00fa\u0161ajte na\u0161e lahodn\u00e9 <a href=\"https:\/\/www.ochutnejorech.sk\/produkt\/mandle-so-skoricou-v-mliecnej-cokolade\" target=\"_blank\" rel=\"noreferrer noopener\">mandle v \u010dokol\u00e1d\u011b se sko\u0159ic\u00ed<\/a>,<a href=\"https:\/\/www.ochutnejorech.sk\/produkt\/lyofilizovane-maliny-mrazom-susene?varianta=30-g\" target=\"_blank\" rel=\"noreferrer noopener\">lyofilizovan\u00e9 maliny<\/a> alebo si obstarajte <a href=\"https:\/\/www.ochutnejorech.sk\/produkt\/prirodne-lupane-mandle-23-25-velke?varianta=1-kg\" target=\"_blank\" rel=\"noreferrer noopener\">mandle loupan\u00e9 1 kg <\/a>a nie\u010do dobr\u00e9 si upe\u010dte.<\/strong><\/p>\n\n\n<h2 class=\"wp-block-heading\"><span class=\"ez-toc-section\" id=\"Casto_kladene_otazky\"><\/span>\u010casto kladen\u00e9 ot\u00e1zky<span class=\"ez-toc-section-end\"><\/span><\/h2>\n\n<div id=\"rank-math-faq\" class=\"rank-math-block\">\n<div class=\"rank-math-list \">\n<div id=\"faq-question-1745313820984\" class=\"rank-math-list-item\">\n<h3 class=\"rank-math-question \"><span class=\"ez-toc-section\" id=\"Kedy_presne_sa_slavi_Den_matiek_v_roku_2026\"><\/span>Kedy presne sa sl\u00e1vi De\u0148 matiek v roku 2026?<span class=\"ez-toc-section-end\"><\/span><\/h3>\n<div class=\"rank-math-answer \">\n\n<p>De\u0148 matiek v roku 2026 pripad\u00e1 na nede\u013eu 10. m\u00e1ja. V \u010cesk\u00e9 republice sa tento sviatok u\u017e tradi\u010dne sl\u00e1vi v\u017edy druh\u00fa m\u00e1jov\u00fa nede\u013eu.<\/p>\n\n<\/div>\n<\/div>\n<div id=\"faq-question-1745317880899\" class=\"rank-math-list-item\">\n<h3 class=\"rank-math-question \"><span class=\"ez-toc-section\" id=\"Preco_sa_Den_matiek_slavi_druhu_majovu_nedelu\"><\/span>Pre\u010do sa De\u0148 matiek sl\u00e1vi druh\u00fa m\u00e1jov\u00fa nede\u013eu?<span class=\"ez-toc-section-end\"><\/span><\/h3>\n<div class=\"rank-math-answer \">\n\n<p>T\u00e1to trad\u00edcia poch\u00e1dza z USA, kde v roku 1914 prezident Woodrow Wilson ofici\u00e1lne vyhl\u00e1sil De\u0148 matiek ako celon\u00e1rodn\u00fd sviatok, ktor\u00fd sa mal sl\u00e1vi\u0165 druh\u00fa m\u00e1jov\u00fa nede\u013eu. Do \u010ceskoslovenska sa tento zvyk dostal v roku 1923 a od tej doby sa u n\u00e1s tie\u017e dr\u017e\u00ed term\u00edn druhej m\u00e1jovej nedele.<\/p>\n\n<\/div>\n<\/div>\n<div id=\"faq-question-1745317904125\" class=\"rank-math-list-item\">\n<h3 class=\"rank-math-question \"><span class=\"ez-toc-section\" id=\"Slavi_sa_Den_matiek_v_ten_isty_den_po_celom_svete\"><\/span>Sl\u00e1vi sa De\u0148 matiek v ten ist\u00fd de\u0148 po celom svete?<span class=\"ez-toc-section-end\"><\/span><\/h3>\n<div class=\"rank-math-answer \">\n\n<p>Nie, term\u00edny sa v r\u00f4znych krajin\u00e1ch l\u00ed\u0161ia. Zatia\u013e \u010do v \u010cesk\u00e9 republice a mnoh\u00fdch \u010fal\u0161\u00edch krajin\u00e1ch sa dr\u017e\u00ed trad\u00edcia druhej m\u00e1jovej nedele, napr\u00edklad vo Ve\u013ekej Brit\u00e1nii sa sl\u00e1vi \u0161tvrt\u00fa p\u00f4stn\u00fa nede\u013eu a v arabsk\u00fdch krajin\u00e1ch 21. marca. Ka\u017ed\u00e1 krajina m\u00e1 svoje vlastn\u00e9 trad\u00edcie, ale zmysel v\u0161ade zost\u00e1va rovnak\u00fd \u2013 oceni\u0165 mami\u010dky za v\u0161etko, \u010do pre n\u00e1s robia.<\/p>\n\n<\/div>\n<\/div>\n<\/div>\n<\/div>","protected":false},"excerpt":{"rendered":"<p>Pokia\u013e neviete, kedy sa slav\u00ed De\u0148 matiek, nemus\u00edte pre odpove\u010f chodi\u0165 \u010faleko. M\u00e1me pre v\u00e1s presn\u00e9 inform\u00e1cie a nieko\u013eko skvel\u00fdch tipov na dar\u010deky pre mami\u010dky.<\/p>\n","protected":false},"author":10,"featured_media":55486,"comment_status":"open","ping_status":"open","sticky":false,"template":"","format":"standard","meta":{"_acf_changed":false,"wprm-recipe-roundup-name":"","wprm-recipe-roundup-description":"","rank_math_title":"De\u0148 matiek 2026: Kedy sa slav\u00ed a najlep\u0161ie dar\u010deky","rank_math_description":"Zistite, kedy je de\u0148 matiek 2026 a objavte najlep\u0161ie tipy na dar\u010deky pre mami\u010dky. Kompletn\u00fd sprievodca oslavou D\u0148a matiek na Slovensku.","rank_math_focus_keyword":"de\u0148 matiek 2026","rank_math_facebook_title":"","rank_math_facebook_description":"","rank_math_facebook_image":"","rank_math_twitter_title":"","rank_math_twitter_description":"","footnotes":""},"categories":[391],"tags":[],"class_list":["post-55492","post","type-post","status-publish","format-standard","has-post-thumbnail","hentry","category-lifestyle"],"featured_image_src":"https:\/\/oosk.wps.cz\/wp-content\/uploads\/2026\/03\/den-matek-5.jpg","author_info":{"display_name":"Ane\u017eka","author_link":"https:\/\/www.ochutnejorech.sk\/blog\/author\/anezka"},"acf":[],"_links":{"self":[{"href":"https:\/\/www.ochutnejorech.sk\/blog\/wp-json\/wp\/v2\/posts\/55492","targetHints":{"allow":["GET"]}}],"collection":[{"href":"https:\/\/www.ochutnejorech.sk\/blog\/wp-json\/wp\/v2\/posts"}],"about":[{"href":"https:\/\/www.ochutnejorech.sk\/blog\/wp-json\/wp\/v2\/types\/post"}],"author":[{"embeddable":true,"href":"https:\/\/www.ochutnejorech.sk\/blog\/wp-json\/wp\/v2\/users\/10"}],"replies":[{"embeddable":true,"href":"https:\/\/www.ochutnejorech.sk\/blog\/wp-json\/wp\/v2\/comments?post=55492"}],"version-history":[{"count":1,"href":"https:\/\/www.ochutnejorech.sk\/blog\/wp-json\/wp\/v2\/posts\/55492\/revisions"}],"predecessor-version":[{"id":55496,"href":"https:\/\/www.ochutnejorech.sk\/blog\/wp-json\/wp\/v2\/posts\/55492\/revisions\/55496"}],"wp:featuredmedia":[{"embeddable":true,"href":"https:\/\/www.ochutnejorech.sk\/blog\/wp-json\/wp\/v2\/media\/55486"}],"wp:attachment":[{"href":"https:\/\/www.ochutnejorech.sk\/blog\/wp-json\/wp\/v2\/media?parent=55492"}],"wp:term":[{"taxonomy":"category","embeddable":true,"href":"https:\/\/www.ochutnejorech.sk\/blog\/wp-json\/wp\/v2\/categories?post=55492"},{"taxonomy":"post_tag","embeddable":true,"href":"https:\/\/www.ochutnejorech.sk\/blog\/wp-json\/wp\/v2\/tags?post=55492"}],"curies":[{"name":"wp","href":"https:\/\/api.w.org\/{rel}","templated":true}]}}