{"id":3633,"date":"2024-07-01T16:07:39","date_gmt":"2024-07-01T14:07:39","guid":{"rendered":"https:\/\/ochutnejorech.cz\/blog\/?p=3633"},"modified":"2026-04-13T15:29:46","modified_gmt":"2026-04-13T13:29:46","slug":"grecky-salat","status":"publish","type":"post","link":"https:\/\/www.ochutnejorech.sk\/blog\/grecky-salat","title":{"rendered":"Recept: Prav\u00fd gr\u00e9cky \u0161al\u00e1t s balk\u00e1nskym syrom a olivami + z\u00e1lievka"},"content":{"rendered":"\n<p>Gr\u00e9cky <strong>\u0161al\u00e1t <\/strong>je klasika, ktor\u00e1 v lete neomrz\u00ed a ukazuje n\u00e1m, \u017ee menej je niekedy viac. Po\u010das na\u0161ej cesty po Balk\u00e1ne sme ka\u017ed\u00fd de\u0148 jedli gr\u00e9cky \u0161al\u00e1t &#8211; v Alb\u00e1nsku, Chorv\u00e1tsku aj v \u010ciernej Hore &#8211; a nikde nebol rovnak\u00fd, ale v\u017edy bol v\u00fdborn\u00fd. Gr\u00e9cky \u0161al\u00e1t n\u00e1jdete na jed\u00e1lnych l\u00edstkoch po celom Balk\u00e1ne, ale najlep\u0161\u00ed je samozrejme v Gr\u00e9cku. Osobne m\u00e1m gr\u00e9cky \u0161al\u00e1t najrad\u0161ej, ke\u010f sa do\u0148 pridaj\u00fa orechy. <strong>Po\u010fme sa teraz pozrie\u0165 na to, ako pripravi\u0165 prav\u00fd gr\u00e9cky \u0161al\u00e1t s balk\u00e1nskym syrom a recept na klasick\u00fa z\u00e1lievku.<\/strong><\/p>\n\n\n\n<figure class=\"wp-block-image size-large\"><img decoding=\"async\" src=\"https:\/\/oosk.wps.cz\/wp-content\/uploads\/2023\/08\/pravy-grecky-salat-700x368.jpg\" alt=\"Recept: Prav\u00fd gr\u00e9cky \u0161al\u00e1t s balk\u00e1nskym syrom a olivami + z\u00e1lievka\" class=\"wp-image-16627\"\/><\/figure>\n\n\n\n<div id=\"ez-toc-container\" class=\"ez-toc-v2_0_82_2 counter-hierarchy ez-toc-counter ez-toc-grey ez-toc-container-direction\">\n<div class=\"ez-toc-title-container\">\n<p class=\"ez-toc-title\" style=\"cursor:inherit\">Obsah \u010dl\u00e1nku<\/p>\n<span class=\"ez-toc-title-toggle\"><a href=\"#\" class=\"ez-toc-pull-right ez-toc-btn ez-toc-btn-xs ez-toc-btn-default ez-toc-toggle\" aria-label=\"Toggle Table of Content\"><span class=\"ez-toc-js-icon-con\"><span class=\"\"><span class=\"eztoc-hide\" style=\"display:none;\">Toggle<\/span><span class=\"ez-toc-icon-toggle-span\"><svg style=\"fill: #999;color:#999\" xmlns=\"http:\/\/www.w3.org\/2000\/svg\" class=\"list-377408\" width=\"20px\" height=\"20px\" viewBox=\"0 0 24 24\" fill=\"none\"><path d=\"M6 6H4v2h2V6zm14 0H8v2h12V6zM4 11h2v2H4v-2zm16 0H8v2h12v-2zM4 16h2v2H4v-2zm16 0H8v2h12v-2z\" fill=\"currentColor\"><\/path><\/svg><svg style=\"fill: #999;color:#999\" class=\"arrow-unsorted-368013\" xmlns=\"http:\/\/www.w3.org\/2000\/svg\" width=\"10px\" height=\"10px\" viewBox=\"0 0 24 24\" version=\"1.2\" baseProfile=\"tiny\"><path d=\"M18.2 9.3l-6.2-6.3-6.2 6.3c-.2.2-.3.4-.3.7s.1.5.3.7c.2.2.4.3.7.3h11c.3 0 .5-.1.7-.3.2-.2.3-.5.3-.7s-.1-.5-.3-.7zM5.8 14.7l6.2 6.3 6.2-6.3c.2-.2.3-.5.3-.7s-.1-.5-.3-.7c-.2-.2-.4-.3-.7-.3h-11c-.3 0-.5.1-.7.3-.2.2-.3.5-.3.7s.1.5.3.7z\"\/><\/svg><\/span><\/span><\/span><\/a><\/span><\/div>\n<nav><ul class='ez-toc-list ez-toc-list-level-1 ' ><li class='ez-toc-page-1 ez-toc-heading-level-2'><a class=\"ez-toc-link ez-toc-heading-1\" href=\"https:\/\/www.ochutnejorech.sk\/blog\/grecky-salat\/#Co_sa_dava_do_tradicneho_greckeho_salatu\" >\u010co sa d\u00e1va do tradi\u010dn\u00e9ho gr\u00e9ckeho \u0161al\u00e1tu<\/a><ul class='ez-toc-list-level-3' ><li class='ez-toc-heading-level-3'><a class=\"ez-toc-link ez-toc-heading-2\" href=\"https:\/\/www.ochutnejorech.sk\/blog\/grecky-salat\/#Tipy_na_dokonaly_grecky_salat\" >Tipy na dokonal\u00fd gr\u00e9cky \u0161al\u00e1t<\/a><\/li><\/ul><\/li><li class='ez-toc-page-1 ez-toc-heading-level-2'><a class=\"ez-toc-link ez-toc-heading-3\" href=\"https:\/\/www.ochutnejorech.sk\/blog\/grecky-salat\/#Pravy_grecky_salat_a_jeho_historia\" >Prav\u00fd gr\u00e9cky \u0161al\u00e1t a jeho hist\u00f3ria<\/a><\/li><li class='ez-toc-page-1 ez-toc-heading-level-2'><a class=\"ez-toc-link ez-toc-heading-4\" href=\"https:\/\/www.ochutnejorech.sk\/blog\/grecky-salat\/#Recept_zalievka_na_grecky_salat\" >Recept: z\u00e1lievka na gr\u00e9cky \u0161al\u00e1t<\/a><\/li><li class='ez-toc-page-1 ez-toc-heading-level-2'><a class=\"ez-toc-link ez-toc-heading-5\" href=\"https:\/\/www.ochutnejorech.sk\/blog\/grecky-salat\/#Ake_orechy_sa_hodia_do_greckeho_salatu\" >Ak\u00e9 orechy sa hodia do gr\u00e9ckeho \u0161al\u00e1tu<\/a><\/li><\/ul><\/nav><\/div>\n<h2 class=\"wp-block-heading\"><span class=\"ez-toc-section\" id=\"Co_sa_dava_do_tradicneho_greckeho_salatu\"><\/span>\u010co sa d\u00e1va do tradi\u010dn\u00e9ho gr\u00e9ckeho \u0161al\u00e1tu<span class=\"ez-toc-section-end\"><\/span><\/h2>\n\n\n\n<p>Tradi\u010dn\u00fd gr\u00e9cky \u0161al\u00e1t sa sklad\u00e1 z <strong>nakr\u00e1jan\u00fdch uhoriek, paradajok, zelenej papriky, \u010dervenej cibule, ol\u00edv a balk\u00e1nskeho syra<\/strong>. T\u00e1to klasick\u00e1 kombin\u00e1cia je vynikaj\u00faca, ale n\u00e1m viac chut\u00ed napr\u00edklad \u010derven\u00e1 paprika. <\/p>\n\n\n\n<h3 class=\"wp-block-heading\"><span class=\"ez-toc-section\" id=\"Tipy_na_dokonaly_grecky_salat\"><\/span>Tipy na dokonal\u00fd gr\u00e9cky \u0161al\u00e1t<span class=\"ez-toc-section-end\"><\/span><\/h3>\n\n\n\n<ul class=\"wp-block-list\">\n<li>Do gr\u00e9ckeho \u0161al\u00e1tu patria olivy Kalamata, ale na Slovensku sa \u0165a\u017eko zh\u00e1\u0148aj\u00fa, preto pou\u017e\u00edvame sk\u00f4r \u010dierne olivy. Olivy Kalamata sa be\u017ene pou\u017e\u00edvaj\u00fa v gr\u00e9ckych jedl\u00e1ch, ich chu\u0165 v\u00fdborne dop\u013a\u0148a balk\u00e1nsky syr a \u010derstv\u00fa zeleninu.<\/li>\n\n\n\n<li>Aby bol gr\u00e9cky \u0161al\u00e1t chutn\u00fd, mus\u00edte ma\u0165 zrel\u00e9 a \u0161\u0165avnat\u00e9 paradajky. <strong>Ak nie je sez\u00f3na paradajok, rad\u0161ej si vyberte cherry paradajky a pred vlo\u017een\u00edm do \u0161al\u00e1tu ich trochu oso\u013ete<\/strong>. T\u00fdm sa zv\u00fdrazn\u00ed ich chu\u0165, ak s\u00fa nev\u00fdrazn\u00e9.<\/li>\n\n\n\n<li>Pozor na uhorky, ak m\u00e1te ve\u013ek\u00e9 uhorky, je lep\u0161ie vybra\u0165 stred so semienkami, aby \u0161al\u00e1t nebol pr\u00edli\u0161 vodnat\u00fd.<\/li>\n\n\n\n<li><strong>Do \u0161al\u00e1tu radi prid\u00e1vame aj orechy, aby n\u00e1s \u0161al\u00e1t zas\u00fdtil aj ako hlavn\u00e9 jedlo<\/strong>. Pred pod\u00e1van\u00edm ich v\u0161ak v\u017edy opra\u017e\u00edme na suchej panvici.<\/li>\n\n\n\n<li>Ak m\u00e1me nejak\u00fd \u0161al\u00e1t zo z\u00e1hradky, pokojne ho do \u0161al\u00e1tu nakr\u00e1jame. &#x263a;&#xfe0f;<\/li>\n<\/ul>\n\n\n\n<p>Niektor\u00ed \u013eudia kr\u00e1jaj\u00fa zeleninu na ve\u013ek\u00e9 kusy, \u010do je v gr\u00e9ckej kuchyni celkom tradi\u010dn\u00e9, ale my ju kr\u00e1jame nadrobno. Len cherry paradajky kr\u00e1jame na polovice.<\/p>\n\n\n\n<figure class=\"wp-block-image size-large\"><img loading=\"lazy\" decoding=\"async\" width=\"700\" height=\"467\" src=\"https:\/\/oosk.wps.cz\/wp-content\/uploads\/2023\/07\/recky-salat-s-fetou-700x467.jpg\" alt=\"Recept: Prav\u00fd gr\u00e9cky \u0161al\u00e1t s balk\u00e1nskym syrom a olivami + z\u00e1lievka\" class=\"wp-image-3641\" srcset=\"https:\/\/oosk.wps.cz\/wp-content\/uploads\/2023\/07\/recky-salat-s-fetou-700x467.jpg 700w, https:\/\/oosk.wps.cz\/wp-content\/uploads\/2023\/07\/recky-salat-s-fetou-300x200.jpg 300w, https:\/\/oosk.wps.cz\/wp-content\/uploads\/2023\/07\/recky-salat-s-fetou-768x512.jpg 768w, https:\/\/oosk.wps.cz\/wp-content\/uploads\/2023\/07\/recky-salat-s-fetou-1536x1024.jpg 1536w, https:\/\/oosk.wps.cz\/wp-content\/uploads\/2023\/07\/recky-salat-s-fetou-800x533.jpg 800w, https:\/\/oosk.wps.cz\/wp-content\/uploads\/2023\/07\/recky-salat-s-fetou.jpg 1800w\" sizes=\"auto, (max-width: 700px) 100vw, 700px\" \/><figcaption class=\"wp-element-caption\">Recept: Prav\u00fd gr\u00e9cky \u0161al\u00e1t s balk\u00e1nskym syrom a olivami + z\u00e1lievka<\/figcaption><\/figure>\n\n\n\n<h2 class=\"wp-block-heading\"><span class=\"ez-toc-section\" id=\"Pravy_grecky_salat_a_jeho_historia\"><\/span>Prav\u00fd gr\u00e9cky \u0161al\u00e1t a jeho hist\u00f3ria<span class=\"ez-toc-section-end\"><\/span><\/h2>\n\n\n\n<p>Gr\u00e9cky \u0161al\u00e1t je pr\u00edkladom zdravej a jednoduchej <strong>stredomorskej kuchyne<\/strong>, kde vl\u00e1dnu jednoduch\u00e9 recepty z \u010derstv\u00fdch surov\u00edn.<\/p>\n\n\n\n<p>Jeho n\u00e1zov v gr\u00e9\u010dtine je<strong> \u201eHoriatiki\u201c, \u010do znamen\u00e1 dedinsk\u00fd \u0161al\u00e1t<\/strong>, ale gr\u00e9cke dediny nie s\u00fa jeho rodiskom. <strong>Traduje sa, \u017ee n\u00e1rodn\u00fd gr\u00e9cky \u0161al\u00e1t vymysleli majitelia re\u0161taur\u00e1ci\u00ed v At\u00e9nach, ktor\u00ed chceli z\u00e1kazn\u00edkom po\u010das prudk\u00e9ho n\u00e1rastu cestovn\u00e9ho ruchu v Gr\u00e9cku \u00fa\u010dtova\u0165 viac<\/strong>. Ke\u010f\u017ee cenu be\u017en\u00e9ho paradajkov\u00e9ho \u0161al\u00e1tu kontrolovala vl\u00e1da, pridanie bloku fety im poskytlo v\u00e4\u010d\u0161iu slobodu \u00fa\u010dtova\u0165 si pod\u013ea vlastn\u00e9ho uv\u00e1\u017eenia.<\/p>\n\n\n\n<p>Gr\u00e9cky \u0161al\u00e1t si najviac vychutn\u00e1vate po\u010das zeleninovej sez\u00f3ny, ktor\u00e1 v Gr\u00e9cku trv\u00e1 od jari do jesene. Vtedy s\u00fa farm\u00e1rske trhy pln\u00e9 zrel\u00fdch paradajok, chrumkav\u00fdch uhoriek a papriky. Ak prid\u00e1te trochu \u010dervenej cibule, slan\u00e9 olivy Kalamata a v\u00fdrazn\u00fa fetu, z\u00edskate prav\u00fd gr\u00e9cky \u0161al\u00e1t.<\/p>\n\n\n\n<figure class=\"wp-block-image size-large\"><img loading=\"lazy\" decoding=\"async\" width=\"700\" height=\"467\" src=\"https:\/\/oosk.wps.cz\/wp-content\/uploads\/2023\/07\/recky-salat-700x467.jpg\" alt=\"Recept: Prav\u00fd gr\u00e9cky \u0161al\u00e1t s balk\u00e1nskym syrom a olivami \" class=\"wp-image-3640\" srcset=\"https:\/\/oosk.wps.cz\/wp-content\/uploads\/2023\/07\/recky-salat-700x467.jpg 700w, https:\/\/oosk.wps.cz\/wp-content\/uploads\/2023\/07\/recky-salat-300x200.jpg 300w, https:\/\/oosk.wps.cz\/wp-content\/uploads\/2023\/07\/recky-salat-768x512.jpg 768w, https:\/\/oosk.wps.cz\/wp-content\/uploads\/2023\/07\/recky-salat-1536x1024.jpg 1536w, https:\/\/oosk.wps.cz\/wp-content\/uploads\/2023\/07\/recky-salat-800x533.jpg 800w, https:\/\/oosk.wps.cz\/wp-content\/uploads\/2023\/07\/recky-salat.jpg 1800w\" sizes=\"auto, (max-width: 700px) 100vw, 700px\" \/><figcaption class=\"wp-element-caption\">Gr\u00e9cky \u0161al\u00e1t radi dop\u013a\u0148ame aj orechmi &#8211; p\u00edniov\u00fdmi, pekanov\u00fdmi alebo vla\u0161sk\u00fdmi.<\/figcaption><\/figure>\n\n\n\n<h2 class=\"wp-block-heading\"><span class=\"ez-toc-section\" id=\"Recept_zalievka_na_grecky_salat\"><\/span>Recept: z\u00e1lievka na gr\u00e9cky \u0161al\u00e1t<span class=\"ez-toc-section-end\"><\/span><\/h2>\n\n\n\n<p>Pr\u00edprava z\u00e1lievky na gr\u00e9cky \u0161al\u00e1t je ve\u013emi jednoduch\u00e1 a r\u00fdchla. <strong>Budete potrebova\u0165 <a href=\"https:\/\/www.ochutnejorech.sk\/produkt\/olivovy-olej-z-vyliskov-natural-1000ml?varianta=1000-ml\">1\/4 \u0161\u00e1lky extra panensk\u00e9ho olivov\u00e9ho oleja<\/a>, 3 ly\u017eice \u010derven\u00e9ho v\u00ednneho octu, 1 str\u00fa\u010dik cesnaku alebo pol ly\u017ei\u010dky su\u0161en\u00e9ho cesnaku, 1\/2 ly\u017ei\u010dky su\u0161en\u00e9ho oregana, 1\/4 ly\u017ei\u010dky dijonskej hor\u010dice, 1\/4 ly\u017ei\u010dky soli a \u010derstvo mlet\u00e9 \u010dierne korenie.<\/strong><\/p>\n\n\n\n<p>Najprv najemno nasekajte cesnak. <strong>Potom v miske zmie\u0161ajte olivov\u00fd olej, \u010derven\u00fd v\u00ednny ocot, nasekan\u00fd cesnak, su\u0161en\u00e9 oregano, dijonsk\u00fa hor\u010dicu a so\u013e.<\/strong> Dobre premie\u0161ajte, k\u00fdm sa v\u0161etky ingrediencie nespoja. Nakoniec pod\u013ea chuti pridajte \u010derstvo mlet\u00e9 \u010dierne korenie a e\u0161te raz premie\u0161ajte.<\/p>\n\n\n\n<p>T\u00fato z\u00e1lievku je najlep\u0161ie pou\u017ei\u0165 ihne\u010f, ale m\u00f4\u017eete ju tie\u017e skladova\u0165 v chladni\u010dke a pou\u017ei\u0165 do 3-4 dn\u00ed. Pred pou\u017eit\u00edm v\u017edy d\u00f4kladne premie\u0161ajte.<\/p>\n\n\n\n<p><strong>Tip: Ak nem\u00e1te radi \u010derstv\u00fd cesnak v z\u00e1lievkach, m\u00f4\u017eete namiesto \u010derstv\u00e9ho pou\u017ei\u0165 su\u0161en\u00fd.<\/strong><\/p>\n\n\n\n<h2 class=\"wp-block-heading\"><span class=\"ez-toc-section\" id=\"Ake_orechy_sa_hodia_do_greckeho_salatu\"><\/span>Ak\u00e9 orechy sa hodia do gr\u00e9ckeho \u0161al\u00e1tu<span class=\"ez-toc-section-end\"><\/span><\/h2>\n\n\n\n<p>Ak <strong>gr\u00e9cky \u0161al\u00e1t pod\u00e1vate ako hlavn\u00e9 jedlo, m\u00f4\u017eete do\u0148 prida\u0165 orechy, ako sme to urobili my, aby bol s\u00fdtej\u0161\u00ed<\/strong>. Najlep\u0161ie s\u00fa <strong><a href=\"https:\/\/www.ochutnejorech.sk\/kategorie\/piniove-oriesky\">p\u00edniov\u00e9 orie\u0161ky<\/a><\/strong>, <strong><a href=\"https:\/\/www.ochutnejorech.sk\/kategorie\/pekanove-orechy\">pekanov\u00e9 <\/a><\/strong>alebo <strong><a href=\"https:\/\/www.ochutnejorech.sk\/kategorie\/vlasske-orechy\">vla\u0161sk\u00e9 orechy<\/a><\/strong>. <strong>Pred pod\u00e1van\u00edm ich v\u017edy opra\u017ete na suchej panvici. Pra\u017e\u00edme ich len tak dlho, aby sa rozvinula ich chu\u0165.<\/strong><\/p>\n\n\n\n<div class=\"product-grid\">\n\n\n<\/div>\n\n\n\n<p>Tipy na \u010fal\u0161ie skvel\u00e9 \u0161al\u00e1ty: <strong>\u0160al\u00e1t s nivou<\/strong>, <strong>zemiakov\u00fd \u0161al\u00e1t z tekvice, thajsk\u00fd \u0161al\u00e1t. <\/strong><\/p>\n\n\n","protected":false},"excerpt":{"rendered":"<p>&#x2705; Najlep\u0161\u00ed recept z Gr\u00e9cka. &#x2705; Z\u00e1lievka na prav\u00fd gr\u00e9cky \u0161al\u00e1t. &#x2705; Ako spr\u00e1vne pripravi\u0165 gr\u00e9cky \u0161al\u00e1t. &#x2705; Ak\u00e9 orechy sa k nemu hodia. &#x2705; Jednoduch\u00e9 zdrav\u00e9 recepty. <\/p>\n","protected":false},"author":4,"featured_media":56452,"comment_status":"open","ping_status":"open","sticky":false,"template":"","format":"standard","meta":{"_acf_changed":false,"wprm-recipe-roundup-name":"","wprm-recipe-roundup-description":"","rank_math_title":"Prav\u00fd gr\u00e9cky \u0161al\u00e1t s balk\u00e1nskym syrom a olivami + z\u00e1lievka","rank_math_description":"\u2705 Najlep\u0161\u00ed recept z Gr\u00e9cka \u2705 Z\u00e1lievka na prav\u00fd gr\u00e9cky \u0161al\u00e1t \u2705 Ako spr\u00e1vne pripravi\u0165 \u2705 Ak\u00e9 orechy sa hodia \u2705 Jednoduch\u00e9 zdrav\u00e9 recepty","rank_math_focus_keyword":"gr\u00e9cky \u0161al\u00e1t","rank_math_facebook_title":"Recept: Prav\u00fd gr\u00e9cky \u0161al\u00e1t s balk\u00e1nskym syrom a olivami + z\u00e1lievka","rank_math_facebook_description":"\u2705 Najlep\u0161\u00ed recept z Gr\u00e9cka \u2705 Z\u00e1lievka na prav\u00fd gr\u00e9cky \u0161al\u00e1t \u2705 Ako spr\u00e1vne pripravi\u0165 \u2705 Ak\u00e9 orechy sa hodia \u2705 Jednoduch\u00e9 zdrav\u00e9 recepty","rank_math_facebook_image":"","rank_math_twitter_title":"","rank_math_twitter_description":"","footnotes":""},"categories":[12,342,493,930],"tags":[],"class_list":["post-3633","post","type-post","status-publish","format-standard","has-post-thumbnail","hentry","category-recepty","category-pekanove-orechy","category-salaty","category-vecere"],"featured_image_src":"https:\/\/oosk.wps.cz\/wp-content\/uploads\/2026\/04\/recky-salat-clean.jpg","author_info":{"display_name":"lucie","author_link":"https:\/\/www.ochutnejorech.sk\/blog\/author\/lucie"},"acf":[],"_links":{"self":[{"href":"https:\/\/www.ochutnejorech.sk\/blog\/wp-json\/wp\/v2\/posts\/3633","targetHints":{"allow":["GET"]}}],"collection":[{"href":"https:\/\/www.ochutnejorech.sk\/blog\/wp-json\/wp\/v2\/posts"}],"about":[{"href":"https:\/\/www.ochutnejorech.sk\/blog\/wp-json\/wp\/v2\/types\/post"}],"author":[{"embeddable":true,"href":"https:\/\/www.ochutnejorech.sk\/blog\/wp-json\/wp\/v2\/users\/4"}],"replies":[{"embeddable":true,"href":"https:\/\/www.ochutnejorech.sk\/blog\/wp-json\/wp\/v2\/comments?post=3633"}],"version-history":[{"count":5,"href":"https:\/\/www.ochutnejorech.sk\/blog\/wp-json\/wp\/v2\/posts\/3633\/revisions"}],"predecessor-version":[{"id":56948,"href":"https:\/\/www.ochutnejorech.sk\/blog\/wp-json\/wp\/v2\/posts\/3633\/revisions\/56948"}],"wp:featuredmedia":[{"embeddable":true,"href":"https:\/\/www.ochutnejorech.sk\/blog\/wp-json\/wp\/v2\/media\/56452"}],"wp:attachment":[{"href":"https:\/\/www.ochutnejorech.sk\/blog\/wp-json\/wp\/v2\/media?parent=3633"}],"wp:term":[{"taxonomy":"category","embeddable":true,"href":"https:\/\/www.ochutnejorech.sk\/blog\/wp-json\/wp\/v2\/categories?post=3633"},{"taxonomy":"post_tag","embeddable":true,"href":"https:\/\/www.ochutnejorech.sk\/blog\/wp-json\/wp\/v2\/tags?post=3633"}],"curies":[{"name":"wp","href":"https:\/\/api.w.org\/{rel}","templated":true}]}}