{"id":3167,"date":"2025-08-10T14:47:50","date_gmt":"2025-08-10T12:47:50","guid":{"rendered":"https:\/\/blog.ochutnej-orech.cz\/?p=3167"},"modified":"2026-04-13T15:26:01","modified_gmt":"2026-04-13T13:26:01","slug":"aloe-vera-na-spalenie-slnkom","status":"publish","type":"post","link":"https:\/\/www.ochutnejorech.sk\/blog\/aloe-vera-na-spalenie-slnkom","title":{"rendered":"Aloe vera: R\u00fdchla pomoc pri sp\u00e1len\u00ed od slnka"},"content":{"rendered":"\n<p>Slne\u010dn\u00e9 l\u00fa\u010de m\u00f4\u017eu prinies\u0165 nielen rados\u0165 a energiu, ale aj nepr\u00edjemn\u00e9 n\u00e1sledky v podobe \u00fapalu. Ak sa dostato\u010dne nechr\u00e1nime, na\u0161a <strong>poko\u017eka sa m\u00f4\u017ee sp\u00e1li\u0165<\/strong>.<strong> <\/strong>Na\u0161\u0165astie <strong>existuje rastlina, ktor\u00e1 dok\u00e1\u017ee pom\u00f4c\u0165 upokoji\u0165 a zregenerova\u0165 sp\u00e1len\u00fa poko\u017eku \u2013 Aloe vera<\/strong>. V tomto \u010dl\u00e1nku v\u00e1m porad\u00edme, ako pou\u017e\u00edva\u0165 Aloe vera pri sp\u00e1len\u00ed od slnka a ako funguje.<\/p>\n\n\n\n<div id=\"ez-toc-container\" class=\"ez-toc-v2_0_82_2 counter-hierarchy ez-toc-counter ez-toc-grey ez-toc-container-direction\">\n<div class=\"ez-toc-title-container\">\n<p class=\"ez-toc-title\" style=\"cursor:inherit\">Obsah \u010dl\u00e1nku<\/p>\n<span class=\"ez-toc-title-toggle\"><a href=\"#\" class=\"ez-toc-pull-right ez-toc-btn ez-toc-btn-xs ez-toc-btn-default ez-toc-toggle\" aria-label=\"Toggle Table of Content\"><span class=\"ez-toc-js-icon-con\"><span class=\"\"><span class=\"eztoc-hide\" style=\"display:none;\">Toggle<\/span><span class=\"ez-toc-icon-toggle-span\"><svg style=\"fill: #999;color:#999\" xmlns=\"http:\/\/www.w3.org\/2000\/svg\" class=\"list-377408\" width=\"20px\" height=\"20px\" viewBox=\"0 0 24 24\" fill=\"none\"><path d=\"M6 6H4v2h2V6zm14 0H8v2h12V6zM4 11h2v2H4v-2zm16 0H8v2h12v-2zM4 16h2v2H4v-2zm16 0H8v2h12v-2z\" fill=\"currentColor\"><\/path><\/svg><svg style=\"fill: #999;color:#999\" class=\"arrow-unsorted-368013\" xmlns=\"http:\/\/www.w3.org\/2000\/svg\" width=\"10px\" height=\"10px\" viewBox=\"0 0 24 24\" version=\"1.2\" baseProfile=\"tiny\"><path d=\"M18.2 9.3l-6.2-6.3-6.2 6.3c-.2.2-.3.4-.3.7s.1.5.3.7c.2.2.4.3.7.3h11c.3 0 .5-.1.7-.3.2-.2.3-.5.3-.7s-.1-.5-.3-.7zM5.8 14.7l6.2 6.3 6.2-6.3c.2-.2.3-.5.3-.7s-.1-.5-.3-.7c-.2-.2-.4-.3-.7-.3h-11c-.3 0-.5.1-.7.3-.2.2-.3.5-.3.7s.1.5.3.7z\"\/><\/svg><\/span><\/span><\/span><\/a><\/span><\/div>\n<nav><ul class='ez-toc-list ez-toc-list-level-1 ' ><li class='ez-toc-page-1 ez-toc-heading-level-2'><a class=\"ez-toc-link ez-toc-heading-1\" href=\"https:\/\/www.ochutnejorech.sk\/blog\/aloe-vera-na-spalenie-slnkom\/#Lieciva_rastlina_Aloe_vera\" >Lie\u010div\u00e1 rastlina Aloe vera<\/a><\/li><li class='ez-toc-page-1 ez-toc-heading-level-2'><a class=\"ez-toc-link ez-toc-heading-2\" href=\"https:\/\/www.ochutnejorech.sk\/blog\/aloe-vera-na-spalenie-slnkom\/#Ako_Aloe_vera_posobi_pri_spaleni_od_slnka\" >Ako Aloe vera p\u00f4sob\u00ed pri sp\u00e1len\u00ed od slnka<\/a><ul class='ez-toc-list-level-3' ><li class='ez-toc-heading-level-3'><a class=\"ez-toc-link ez-toc-heading-3\" href=\"https:\/\/www.ochutnejorech.sk\/blog\/aloe-vera-na-spalenie-slnkom\/#Hydratacia_a_vyziva_pokozky\" >Hydrat\u00e1cia a v\u00fd\u017eiva poko\u017eky<\/a><\/li><li class='ez-toc-page-1 ez-toc-heading-level-3'><a class=\"ez-toc-link ez-toc-heading-4\" href=\"https:\/\/www.ochutnejorech.sk\/blog\/aloe-vera-na-spalenie-slnkom\/#Podporuje_hojenie_ran_a_popalenin\" >Podporuje hojenie r\u00e1n a pop\u00e1len\u00edn<\/a><\/li><li class='ez-toc-page-1 ez-toc-heading-level-3'><a class=\"ez-toc-link ez-toc-heading-5\" href=\"https:\/\/www.ochutnejorech.sk\/blog\/aloe-vera-na-spalenie-slnkom\/#Zmiernuje_zacervenanie_a_svrbenie\" >Zmier\u0148uje za\u010dervenanie a svrbenie<\/a><\/li><\/ul><\/li><li class='ez-toc-page-1 ez-toc-heading-level-2'><a class=\"ez-toc-link ez-toc-heading-6\" href=\"https:\/\/www.ochutnejorech.sk\/blog\/aloe-vera-na-spalenie-slnkom\/#Tri_stupne_spalenia_od_slnka\" >Tri stupne sp\u00e1lenia od slnka<\/a><\/li><li class='ez-toc-page-1 ez-toc-heading-level-2'><a class=\"ez-toc-link ez-toc-heading-7\" href=\"https:\/\/www.ochutnejorech.sk\/blog\/aloe-vera-na-spalenie-slnkom\/#Ako_spravne_pouzivat_Aloe_vera_pri_spaleni_od_slnka\" >Ako spr\u00e1vne pou\u017e\u00edva\u0165 Aloe vera pri sp\u00e1len\u00ed od slnka<\/a><ul class='ez-toc-list-level-3' ><li class='ez-toc-heading-level-3'><a class=\"ez-toc-link ez-toc-heading-8\" href=\"https:\/\/www.ochutnejorech.sk\/blog\/aloe-vera-na-spalenie-slnkom\/#Aplikacia_gelu_z_Aloe_vera_v_3_krokoch\" >Aplik\u00e1cia g\u00e9lu z Aloe vera v 3 krokoch<\/a><\/li><li class='ez-toc-page-1 ez-toc-heading-level-3'><a class=\"ez-toc-link ez-toc-heading-9\" href=\"https:\/\/www.ochutnejorech.sk\/blog\/aloe-vera-na-spalenie-slnkom\/#Aloe_Vera_250_g\" >Aloe Vera 250 g<\/a><\/li><\/ul><\/li><li class='ez-toc-page-1 ez-toc-heading-level-2'><a class=\"ez-toc-link ez-toc-heading-10\" href=\"https:\/\/www.ochutnejorech.sk\/blog\/aloe-vera-na-spalenie-slnkom\/#Doplnkova_starostlivost_o_spalenu_pokozku\" >Doplnkov\u00e1 starostlivos\u0165 o sp\u00e1len\u00fa poko\u017eku<\/a><ul class='ez-toc-list-level-3' ><li class='ez-toc-heading-level-3'><a class=\"ez-toc-link ez-toc-heading-11\" href=\"https:\/\/www.ochutnejorech.sk\/blog\/aloe-vera-na-spalenie-slnkom\/#Chladive_obklady_a_studene_sprchy\" >Chladiv\u00e9 obklady a studen\u00e9 sprchy<\/a><\/li><li class='ez-toc-page-1 ez-toc-heading-level-3'><a class=\"ez-toc-link ez-toc-heading-12\" href=\"https:\/\/www.ochutnejorech.sk\/blog\/aloe-vera-na-spalenie-slnkom\/#Pitny_rezim\" >Pitn\u00fd re\u017eim<\/a><\/li><li class='ez-toc-page-1 ez-toc-heading-level-3'><a class=\"ez-toc-link ez-toc-heading-13\" href=\"https:\/\/www.ochutnejorech.sk\/blog\/aloe-vera-na-spalenie-slnkom\/#Uzivanie_protizapalovych_liekov\" >U\u017e\u00edvanie protiz\u00e1palov\u00fdch liekov<\/a><\/li><\/ul><\/li><li class='ez-toc-page-1 ez-toc-heading-level-2'><a class=\"ez-toc-link ez-toc-heading-14\" href=\"https:\/\/www.ochutnejorech.sk\/blog\/aloe-vera-na-spalenie-slnkom\/#Predchadzanie_spaleniu_od_slnka\" >Predch\u00e1dzanie sp\u00e1leniu od slnka<\/a><ul class='ez-toc-list-level-3' ><li class='ez-toc-heading-level-3'><a class=\"ez-toc-link ez-toc-heading-15\" href=\"https:\/\/www.ochutnejorech.sk\/blog\/aloe-vera-na-spalenie-slnkom\/#Miesta_ktore_su_najviac_ohrozene_spalenim\" >Miesta, ktor\u00e9 s\u00fa najviac ohrozen\u00e9 sp\u00e1len\u00edm<\/a><\/li><\/ul><\/li><li class='ez-toc-page-1 ez-toc-heading-level-2'><a class=\"ez-toc-link ez-toc-heading-16\" href=\"https:\/\/www.ochutnejorech.sk\/blog\/aloe-vera-na-spalenie-slnkom\/#Aloe_vera_v_kozmetike\" >Aloe vera v kozmetike<\/a><\/li><li class='ez-toc-page-1 ez-toc-heading-level-2'><a class=\"ez-toc-link ez-toc-heading-17\" href=\"https:\/\/www.ochutnejorech.sk\/blog\/aloe-vera-na-spalenie-slnkom\/#Aloe_vera_a_pokozka\" >Aloe vera a poko\u017eka<\/a><ul class='ez-toc-list-level-3' ><li class='ez-toc-heading-level-3'><a class=\"ez-toc-link ez-toc-heading-18\" href=\"https:\/\/www.ochutnejorech.sk\/blog\/aloe-vera-na-spalenie-slnkom\/#Ako_si_vyrobit_masku_z_Aloe_vera\" >Ako si vyrobi\u0165 masku z Aloe vera<\/a><\/li><\/ul><\/li><li class='ez-toc-page-1 ez-toc-heading-level-2'><a class=\"ez-toc-link ez-toc-heading-19\" href=\"https:\/\/www.ochutnejorech.sk\/blog\/aloe-vera-na-spalenie-slnkom\/#Pre_koho_nie_je_Aloe_vera_vhodne\" >Pre koho nie je Aloe vera vhodn\u00e9<\/a><\/li><\/ul><\/nav><\/div>\n<h2 class=\"wp-block-heading\"><span class=\"ez-toc-section\" id=\"Lieciva_rastlina_Aloe_vera\"><\/span><strong>Lie\u010div\u00e1 rastlina Aloe vera<\/strong><span class=\"ez-toc-section-end\"><\/span><\/h2>\n\n\n\n<p>Aloe vera je rastlina, ktor\u00e1 je zn\u00e1ma najm\u00e4 v\u010faka svojim lie\u010div\u00fdm vlastnostiam. Zauj\u00edmav\u00e9 s\u00fa najm\u00e4 jej g\u00e9l a \u0161\u0165ava, ktor\u00e9 maj\u00fa mno\u017estvo priazniv\u00fdch \u00fa\u010dinkov na \u013eudsk\u00fd organizmus. <strong>Na sp\u00e1leniny od slnka je najlep\u0161\u00ed g\u00e9l z Aloe vera.<\/strong> G\u00e9l sa nach\u00e1dza vo vn\u00fatornej \u010dasti listu a m\u00e1 v\u00fdznamn\u00e9 <strong>protiz\u00e1palov\u00e9 a antibakteri\u00e1lne vlastnosti<\/strong>. \u010casto sa <strong>pou\u017e\u00edva pri lie\u010dbe pop\u00e1len\u00edn<\/strong>,<strong> <\/strong>mal\u00fdch r\u00e1n a tie\u017e na zmiernenie bolesti.<\/p>\n\n\n\n<h2 class=\"wp-block-heading\"><span class=\"ez-toc-section\" id=\"Ako_Aloe_vera_posobi_pri_spaleni_od_slnka\"><\/span><strong>Ako Aloe vera p\u00f4sob\u00ed pri sp\u00e1len\u00ed od slnka<\/strong><span class=\"ez-toc-section-end\"><\/span><\/h2>\n\n\n\n<p>Aloe vera je \u0161\u0165avnat\u00e1 rastlina s m\u00e4sit\u00fdmi listami pln\u00fdmi g\u00e9lu a \u0161\u0165avy. <strong>Obsahuje mno\u017estvo prospe\u0161n\u00fdch l\u00e1tok vr\u00e1tane vitam\u00ednov, miner\u00e1lov, enz\u00fdmov a polysacharidov.<\/strong><\/p>\n\n\n\n<p>Pri aplik\u00e1cii na sp\u00e1len\u00fa poko\u017eku poskytuje okam\u017eit\u00fa \u00fa\u013eavu v\u010faka svojim<strong> chladiv\u00fdm a hydrata\u010dn\u00fdm vlastnostiam<\/strong>. <strong>G\u00e9l z Aloe vera prenik\u00e1 hlboko do poko\u017eky a poskytuje jej intenz\u00edvnu hydrat\u00e1ciu, ktor\u00e1 je nevyhnutn\u00e1 na regener\u00e1ciu pop\u00e1len\u00e9ho miesta.<\/strong><\/p>\n\n\n\n<p>D\u00f4le\u017eitou vlastnos\u0165ou Aloe vera je jej <strong>protiz\u00e1palov\u00fd \u00fa\u010dinok<\/strong>. Pop\u00e1len\u00e1 poko\u017eka je \u010dasto \u010derven\u00e1, podr\u00e1\u017eden\u00e1 a zap\u00e1len\u00e1.<strong> Aloe vera dok\u00e1\u017ee zmierni\u0165 z\u00e1pal a podpori\u0165 hojenie <\/strong>v\u010faka obsahu l\u00e1tok, ako s\u00fa bradykin\u00edn a antrachin\u00f3ny. <strong>Aloe vera tak pom\u00e1ha zmierni\u0165 nepr\u00edjemn\u00e9 pr\u00edznaky sp\u00e1lenia od slnka.<\/strong><\/p>\n\n\n\n<h3 class=\"wp-block-heading\"><span class=\"ez-toc-section\" id=\"Hydratacia_a_vyziva_pokozky\"><\/span><strong>Hydrat\u00e1cia a v\u00fd\u017eiva poko\u017eky<\/strong><span class=\"ez-toc-section-end\"><\/span><\/h3>\n\n\n\n<p>Aloe vera je<strong> skvel\u00fdm hydrata\u010dn\u00fdm prostriedkom pre such\u00fa a dehydrovan\u00fa poko\u017eku<\/strong>. <strong>Pom\u00e1ha udr\u017eiava\u0165 optim\u00e1lnu hladinu vlhkosti a zabra\u0148uje vysu\u0161ovaniu.<\/strong> <\/p>\n\n\n\n<h3 class=\"wp-block-heading\"><span class=\"ez-toc-section\" id=\"Podporuje_hojenie_ran_a_popalenin\"><\/span><strong>Podporuje hojenie r\u00e1n a pop\u00e1len\u00edn<\/strong><span class=\"ez-toc-section-end\"><\/span><\/h3>\n\n\n\n<p>V\u010faka svojim regenera\u010dn\u00fdm vlastnostiam Aloe vera <strong>ur\u00fdch\u013euje proces hojenia r\u00e1n a pop\u00e1len\u00edn<\/strong>. <strong>G\u00e9l z Aloe vera stimuluje tvorbu nov\u00fdch buniek a podporuje r\u00fdchlej\u0161iu obnovu po\u0161koden\u00e9ho tkaniva.<\/strong> M\u00f4\u017ee by\u0165 \u00fa\u010dinn\u00fd aj pri lie\u010dbe drobn\u00fdch r\u00e1n, odren\u00edn, \u0161krabancov alebo men\u0161\u00edch pop\u00e1len\u00edn.<\/p>\n\n\n\n<h3 class=\"wp-block-heading\"><span class=\"ez-toc-section\" id=\"Zmiernuje_zacervenanie_a_svrbenie\"><\/span><strong>Zmier\u0148uje za\u010dervenanie a svrbenie<\/strong><span class=\"ez-toc-section-end\"><\/span><\/h3>\n\n\n\n<p>Aloe vera je v\u00fdborn\u00e1 aj pri svrben\u00ed a za\u010dervenan\u00ed poko\u017eky. Jej protiz\u00e1palov\u00e9 vlastnosti pom\u00e1haj\u00fa zmierni\u0165 podr\u00e1\u017edenie. V\u010faka protiz\u00e1palov\u00fdm vlastnostiam zmier\u0148uje podr\u00e1\u017edenie a je<strong> vhodn\u00e1 aj<\/strong> <strong>pri mnoh\u00fdch typoch vyr\u00e1\u017eok, alergick\u00fdch reakci\u00e1ch alebo po holen\u00ed<\/strong>, ke\u010f m\u00f4\u017ee by\u0165 poko\u017eka citliv\u00e1 a podr\u00e1\u017eden\u00e1.<\/p>\n\n\n\n<figure class=\"wp-block-image size-large\"><img loading=\"lazy\" decoding=\"async\" width=\"700\" height=\"368\" src=\"https:\/\/www.ochutnejorech.cz\/blog\/wp-content\/uploads\/2023\/05\/aloe-vera-gel-700x368.jpg\" alt=\"Aloe vera: Liek na sp\u00e1lenie od slnka.\" class=\"wp-image-3168\" srcset=\"https:\/\/oosk.wps.cz\/wp-content\/uploads\/2023\/05\/aloe-vera-gel-700x368.jpg 700w, https:\/\/oosk.wps.cz\/wp-content\/uploads\/2023\/05\/aloe-vera-gel-300x158.jpg 300w, https:\/\/oosk.wps.cz\/wp-content\/uploads\/2023\/05\/aloe-vera-gel-768x403.jpg 768w, https:\/\/oosk.wps.cz\/wp-content\/uploads\/2023\/05\/aloe-vera-gel-800x420.jpg 800w, https:\/\/oosk.wps.cz\/wp-content\/uploads\/2023\/05\/aloe-vera-gel.jpg 1200w\" sizes=\"auto, (max-width: 700px) 100vw, 700px\" \/><\/figure>\n\n\n\n<h2 class=\"wp-block-heading\"><span class=\"ez-toc-section\" id=\"Tri_stupne_spalenia_od_slnka\"><\/span><strong>Tri stupne sp\u00e1lenia od slnka<\/strong><span class=\"ez-toc-section-end\"><\/span><\/h2>\n\n\n\n<p>Jedn\u00fdm zo z\u00e1kladn\u00fdch prejavov sp\u00e1lenia poko\u017eky od slnka je jej za\u010dervenanie, ktor\u00e9 je zvy\u010dajne sprev\u00e1dzan\u00e9 olupovan\u00edm po\u0161kodenej povrchovej vrstvy tkaniva. Odborn\u00edci rozli\u0161uj\u00fa 3 stupne sp\u00e1lenia od slnka, ktor\u00e9 sa l\u00ed\u0161ia z\u00e1va\u017enos\u0165ou:<\/p>\n\n\n\n<ol class=\"wp-block-list\">\n<li><strong>Mierne sp\u00e1lenie:<\/strong> Poko\u017eka je za\u010dervenan\u00e1, hor\u00faca a bolestiv\u00e1. M\u00f4\u017ee sa objavi\u0165 svrbenie a zv\u00fd\u0161en\u00e1 citlivos\u0165.<\/li>\n\n\n\n<li><strong>Stredne \u0165a\u017ek\u00e9 sp\u00e1lenie od slnka:<\/strong> Poko\u017eka je \u010derven\u00e1 a objavuj\u00fa sa na nej mal\u00e9 biele p\u013euzgiere. \u010casto doch\u00e1dza k olupovaniu a praskaniu ko\u017ee.<\/li>\n\n\n\n<li><strong>\u0164a\u017ek\u00e9 sp\u00e1lenie: <\/strong>Poko\u017eka je tmavo\u010derven\u00e1 a s mo\u017en\u00fdm v\u00fdskytom p\u013euzgierov. M\u00f4\u017eu sa objavi\u0165 aj pr\u00edznaky, ako s\u00fa zimnica, boles\u0165 hlavy, nevo\u013enos\u0165, z\u00e1vraty a hor\u00fa\u010dka.<\/li>\n<\/ol>\n\n\n\n<h2 class=\"wp-block-heading\"><span class=\"ez-toc-section\" id=\"Ako_spravne_pouzivat_Aloe_vera_pri_spaleni_od_slnka\"><\/span><strong>Ako spr\u00e1vne pou\u017e\u00edva\u0165 Aloe vera pri sp\u00e1len\u00ed od slnka<\/strong><span class=\"ez-toc-section-end\"><\/span><\/h2>\n\n\n\n<p><strong>Spr\u00e1vna aplik\u00e1cia Aloe vera je k\u013e\u00fa\u010dom k dosiahnutiu najlep\u0161\u00edch v\u00fdsledkov pri o\u0161etrovan\u00ed sp\u00e1lenej poko\u017eky.<\/strong> Najd\u00f4le\u017eitej\u0161ie je vybra\u0165 si <strong>kvalitn\u00fd g\u00e9l z Aloe vera alebo ma\u0165 pr\u00edstup k \u010derstvo odrezan\u00e9mu listu z rastliny<\/strong>. Kvalitn\u00e9 v\u00fdrobky by mali obsahova\u0165 \u010do najvy\u0161\u0161\u00ed podiel Aloe vera a minimum pridan\u00fdch chemick\u00fdch l\u00e1tok.<\/p>\n\n\n\n<h3 class=\"wp-block-heading\"><span class=\"ez-toc-section\" id=\"Aplikacia_gelu_z_Aloe_vera_v_3_krokoch\"><\/span>Aplik\u00e1cia g\u00e9lu z Aloe vera v 3 krokoch<span class=\"ez-toc-section-end\"><\/span><\/h3>\n\n\n\n<ol class=\"wp-block-list\">\n<li>Jemne a<strong> rovnomerne naneste g\u00e9l z Aloe vera na pop\u00e1len\u00fa poko\u017eku<\/strong>. Pou\u017eite dostato\u010dn\u00e9 mno\u017estvo, aby sa pokryla cel\u00e1 oblas\u0165.<\/li>\n\n\n\n<li>Kr\u00fa\u017eiv\u00fdmi pohybmi jemne<strong> vmas\u00edrujte g\u00e9l do poko\u017eky<\/strong> a <strong>nechajte p\u00f4sobi\u0165 aspo\u0148 30 min\u00fat<\/strong>, ide\u00e1lne cez noc.<\/li>\n\n\n\n<li>Aplik\u00e1ciu Aloe vera opakujte pod\u013ea potreby, zvy\u010dajne <strong>nieko\u013ekokr\u00e1t denne<\/strong>, k\u00fdm sa poko\u017eka nezahoj\u00ed.<\/li>\n<\/ol>\n\n\n\n<p>Je d\u00f4le\u017eit\u00e9 poznamena\u0165, \u017ee Aloe vera nie je v\u0161eliekom na sp\u00e1lenie od slnka. V pr\u00edpade v\u00e1\u017enej\u0161\u00edch pop\u00e1len\u00edn, vredov alebo silnej bolesti je vhodn\u00e9 vyh\u013eada\u0165 lek\u00e1rsku pomoc.<strong> Aloe vera je naj\u00fa\u010dinnej\u0161ia pri miernych a stredne siln\u00fdch pop\u00e1lenin\u00e1ch od slnka.<\/strong><\/p>\n\n\n\n<p class=\"has-light-green-cyan-background-color has-background\"><strong>TIP: Vedeli ste, \u017ee Aloe vera je aj skvelou poch\u00fa\u0165kou? Ochutnajte <\/strong><a href=\"https:\/\/www.ochutnejorech.sk\/produkt\/aloe-vera?varianta=80-g\"><strong>su\u0161en\u00e9 k\u00fasky Aloe vera<\/strong><\/a><strong> pln\u00e9 vitam\u00ednov.<\/strong><\/p>\n\n\n\n<div class=\"product-grid\">\n\n        <div class=\"product-card\"\n             data-product-id=\"B04-04-0005-00\"\n             data-product-category=\"Su\u0161en\u00e9 ovocie a semienka | Exotick\u00e9 su\u0161en\u00e9 ovocie | Ostatn\u00e9 su\u0161en\u00e9 exotick\u00e9 plody\"\n             data-variant-id=\"XF80000101\"\n             data-product-price-with-vat=\"6.59\"\n             data-product-price-without-vat=\"5.1\"\n             data-product-url=\"https:\/\/www.ochutnejorech.sk\/produkt\/aloe-vera?varianta=250-g\"\n             data-product-deliver-availability=\"0\"\n             data-product-currency=\"EUR\"\n             data-product-variant-name=\"250 g\">\n\n            <div class=\"product-card-inner-wrapper\">\n\n                                <div class=\"product-title-section\">\n                    <a href=\"https:\/\/www.ochutnejorech.sk\/produkt\/aloe-vera?varianta=250-g\" target=\"_blank\">\n                        <div class=\"product-image-wrapper\">\n                            <img decoding=\"async\" class=\"product-image\" src=\"https:\/\/cdn.ochutnejorech.sk\/cdn-cgi\/image\/w=225\/images\/clhj86a76004ppd27t3k0432g\/aloe-vera.jpg\" alt=\"Aloe Vera 250 g\">\n                        <\/div>\n\n                        <h3 class=\"product-title\"><span class=\"ez-toc-section\" id=\"Aloe_Vera_250_g\"><\/span>Aloe Vera 250 g<span class=\"ez-toc-section-end\"><\/span><\/h3>\n                    <\/a>\n                <\/div>\n                \n                <div class=\"product-info-wrapper\">\n                    <span class=\"product-shipping\">Skladom<\/span>\n                                                            <span class=\"product-pricesss\">6.59 \u20ac<\/span>\n                                                    <\/div>\n                    <span class=\"product-description\">E\u0161te ste neochutnali su\u0161en\u00e9 k\u00fasky aloe vera? Tak tu ho m\u00e1te! Obsahuje vitam\u00edny A, b1, B2, B6, B12, C a E. Je tie\u017e bohat\u00e9 na miner\u00e1ly a stopov\u00e9 prvky, najm\u00e4 mang\u00e1n, v\u00e1pnik, chr\u00f3m, me\u010f, fosfor, \u017eelezo, zinok, drasl\u00edk, chl\u00f3r a sod\u00edk. K\u00fasky aloe s\u00fa skvel\u00e9 ako r\u00fdchle ob\u010derstvenie po\u010das cel\u00e9ho d\u0148a, nech ste kdeko\u013evek.<\/span>\n                    <div class=\"product-button-wrapper\">\n                                                    <button class=\"product-button\">\n                                <a id=\"product-button-anchor\" href=\"https:\/\/www.ochutnejorech.sk\/produkt\/aloe-vera?varianta=250-g\" target=\"_blank\">K\u00fapi\u0165<\/a>\n                            <\/button>\n                                            <\/div>\n\n            <\/div>\n        <\/div>\n\n<\/div>\n\n\n\n<h2 class=\"wp-block-heading\"><span class=\"ez-toc-section\" id=\"Doplnkova_starostlivost_o_spalenu_pokozku\"><\/span><strong>Doplnkov\u00e1 starostlivos\u0165 o sp\u00e1len\u00fa poko\u017eku<\/strong><span class=\"ez-toc-section-end\"><\/span><\/h2>\n\n\n\n<p>Okrem v\u00fdhod Aloe vera vysk\u00fa\u0161ajte aj tieto <strong>tipy na starostlivos\u0165 o sp\u00e1len\u00fa poko\u017eku a ur\u00fdchlenie hojenia<\/strong>.<\/p>\n\n\n\n<h3 class=\"wp-block-heading\"><span class=\"ez-toc-section\" id=\"Chladive_obklady_a_studene_sprchy\"><\/span><strong>Chladiv\u00e9 obklady a studen\u00e9 sprchy<\/strong><span class=\"ez-toc-section-end\"><\/span><\/h3>\n\n\n\n<p><strong>Prilo\u017eenie chladn\u00e9ho obkladu alebo kr\u00e1tka studen\u00e1 sprcha m\u00f4\u017eu okam\u017eite zmierni\u0165 p\u00e1lenie a za\u010dervenanie sp\u00e1lenej poko\u017eky.<\/strong> Chladn\u00e1 voda pom\u00e1ha s\u0165ahova\u0165 cievy a zmier\u0148ova\u0165 z\u00e1pal. D\u00e1vajte v\u0161ak pozor, aby ste nepou\u017eili pr\u00edli\u0161 ve\u013ea \u013eadovej vody, ktor\u00e1 m\u00f4\u017ee poko\u017eku e\u0161te viac podr\u00e1\u017edi\u0165.<\/p>\n\n\n\n<h3 class=\"wp-block-heading\"><span class=\"ez-toc-section\" id=\"Pitny_rezim\"><\/span><strong>Pitn\u00fd re\u017eim<\/strong><span class=\"ez-toc-section-end\"><\/span><\/h3>\n\n\n\n<p>Pri sp\u00e1len\u00ed poko\u017eky je d\u00f4le\u017eit\u00e9 udr\u017eiava\u0165 ju hydratovan\u00fa nielen zvonka, ale aj zvn\u00fatra.<strong> Pite ve\u013ea vody, aby ste si udr\u017eali spr\u00e1vnu \u00farove\u0148 hydrat\u00e1cie. <\/strong>Tekutiny pom\u00e1haj\u00fa udr\u017eiava\u0165 pru\u017enos\u0165 poko\u017eky a zabezpe\u010duj\u00fa jej spr\u00e1vnu funkciu.<\/p>\n\n\n\n<h3 class=\"wp-block-heading\"><span class=\"ez-toc-section\" id=\"Uzivanie_protizapalovych_liekov\"><\/span><strong>U\u017e\u00edvanie protiz\u00e1palov\u00fdch liekov<\/strong><span class=\"ez-toc-section-end\"><\/span><\/h3>\n\n\n\n<p>Pri silnej\u0161\u00edch pr\u00edznakoch sp\u00e1lenia od slnka m\u00f4\u017eete u\u017e\u00edva\u0165 protiz\u00e1palov\u00e9 lieky, napr\u00edklad ibuprof\u00e9n alebo paracetamol. Tieto lieky m\u00f4\u017eu pom\u00f4c\u0165 zmierni\u0165 boles\u0165, z\u00e1pal a opuch. Pred ich pou\u017eit\u00edm sa v\u0161ak pora\u010fte so svoj\u00edm lek\u00e1rom a v\u017edy sa ria\u010fte pr\u00edbalov\u00fdm let\u00e1kom.<\/p>\n\n\n\n<h2 class=\"wp-block-heading\"><span class=\"ez-toc-section\" id=\"Predchadzanie_spaleniu_od_slnka\"><\/span><strong>Predch\u00e1dzanie sp\u00e1leniu od slnka<\/strong><span class=\"ez-toc-section-end\"><\/span><\/h2>\n\n\n\n<p><strong>Najlep\u0161ou ochranou pred sp\u00e1len\u00edm od slnka je prevencia. <\/strong>Tu je nieko\u013eko jednoduch\u00fdch tipov, ako sa chr\u00e1ni\u0165 pred sp\u00e1len\u00edm od slnka:<\/p>\n\n\n\n<ul class=\"wp-block-list\">\n<li><strong>Pou\u017e\u00edvajte kvalitn\u00fd <a href=\"https:\/\/www.nanospace.cz\/sk\/blog\/opalovacie-kremy--na-co-si-dat-pri-vyberiem-pozor\/\" target=\"_blank\" rel=\"noreferrer noopener\">pr\u00edrodn\u00fd opa\u013eovac\u00ed kr\u00e9m<\/a><\/strong> s UVB aj UVA filtrami a naneste ho na poko\u017eku aspo\u0148 15 min\u00fat pred pobytom na slnku.<\/li>\n\n\n\n<li><strong>Noste vhodn\u00e9 oble\u010denie<\/strong>, ktor\u00e9 chr\u00e1ni poko\u017eku pred priamym slne\u010dn\u00fdm \u017eiaren\u00edm. <a href=\"https:\/\/www.zalando-lounge.sk\/outlet\/oblecenie\/\" target=\"_blank\" rel=\"noreferrer noopener\">Vyberte si \u013eahk\u00e9 a vo\u013en\u00e9 oble\u010denie s dlh\u00fdmi ruk\u00e1vmi a nohavicami <\/a>a nezabudnite na pokr\u00fdvku hlavy.<\/li>\n\n\n\n<li><strong>Obmedzte pobyt na slnku po\u010das najintenz\u00edvnej\u0161\u00edch hod\u00edn<\/strong>,<strong> <\/strong>pribli\u017ene od 10:00 do 16:00 hod, ke\u010f s\u00fa slne\u010dn\u00e9 l\u00fa\u010de najsilnej\u0161ie. V tomto \u010dase sa zdr\u017eiavajte v tieni.<\/li>\n\n\n\n<li>Po\u010das pobytu vonku <strong>noste slne\u010dn\u00e9 okuliare<\/strong> na ochranu o\u010d\u00ed.<\/li>\n\n\n\n<li>Bu\u010fte opatrn\u00ed pri pou\u017e\u00edvan\u00ed sol\u00e1ri\u00ed. UVA a UVB l\u00fa\u010de v sol\u00e1ri\u00e1ch m\u00f4\u017eu tie\u017e sp\u00f4sobi\u0165 pop\u00e1leniny ko\u017ee.<\/li>\n<\/ul>\n\n\n\n<figure class=\"wp-block-image size-large\"><img loading=\"lazy\" decoding=\"async\" width=\"700\" height=\"368\" src=\"https:\/\/www.ochutnejorech.cz\/blog\/wp-content\/uploads\/2023\/05\/aloe-vera-na-spaleni-700x368.jpg\" alt=\"Aloe vera: Liek na sp\u00e1lenie od slnka.\" class=\"wp-image-3170\" srcset=\"https:\/\/oosk.wps.cz\/wp-content\/uploads\/2023\/05\/aloe-vera-na-spaleni-700x368.jpg 700w, https:\/\/oosk.wps.cz\/wp-content\/uploads\/2023\/05\/aloe-vera-na-spaleni-300x158.jpg 300w, https:\/\/oosk.wps.cz\/wp-content\/uploads\/2023\/05\/aloe-vera-na-spaleni-768x403.jpg 768w, https:\/\/oosk.wps.cz\/wp-content\/uploads\/2023\/05\/aloe-vera-na-spaleni-800x420.jpg 800w, https:\/\/oosk.wps.cz\/wp-content\/uploads\/2023\/05\/aloe-vera-na-spaleni.jpg 1200w\" sizes=\"auto, (max-width: 700px) 100vw, 700px\" \/><\/figure>\n\n\n\n<h3 class=\"wp-block-heading\"><span class=\"ez-toc-section\" id=\"Miesta_ktore_su_najviac_ohrozene_spalenim\"><\/span><strong>Miesta, ktor\u00e9 s\u00fa najviac ohrozen\u00e9 sp\u00e1len\u00edm<\/strong><span class=\"ez-toc-section-end\"><\/span><\/h3>\n\n\n\n<p>\u010casto zab\u00fadame na<strong> \u010dasti tela, ktor\u00e9 s\u00fa najcitlivej\u0161ie na slne\u010dn\u00e9 l\u00fa\u010de<\/strong> a ve\u013emi \u013eahko sa sp\u00e1lia. D\u00f4kladne si tieto miesta natrite opa\u013eovac\u00edm kr\u00e9mom:<\/p>\n\n\n\n<ul class=\"wp-block-list\">\n<li>nechty,<\/li>\n\n\n\n<li>\u010delo,<\/li>\n\n\n\n<li>dekolt,<\/li>\n\n\n\n<li>ramen\u00e1,<\/li>\n\n\n\n<li>l\u00fdtka.<\/li>\n<\/ul>\n\n\n\n<h2 class=\"wp-block-heading\"><span class=\"ez-toc-section\" id=\"Aloe_vera_v_kozmetike\"><\/span><strong>Aloe vera v kozmetike<\/strong><span class=\"ez-toc-section-end\"><\/span><\/h2>\n\n\n\n<p>V\u010faka svojim upokojuj\u00facim a protiz\u00e1palov\u00fdm vlastnostiam sa Aloe vera stala <strong>ob\u013e\u00fabenou zlo\u017ekou mnoh\u00fdch kozmetick\u00fdch v\u00fdrobkov<\/strong>. V\u010faka svojej schopnosti hydratova\u0165 a zvl\u00e1\u010d\u0148ova\u0165 poko\u017eku je <strong>s\u00fa\u010das\u0165ou \u0161amp\u00f3nov, telov\u00fdch mliek, r\u00fa\u017eov, kr\u00e9mov po holen\u00ed, zubn\u00fdch p\u00e1st, kr\u00e9mov po opa\u013eovan\u00ed a hydrata\u010dn\u00fdch kr\u00e9mov<\/strong>. N\u00e1jdete ju v\u0161ak aj v mnoh\u00fdch \u010fal\u0161\u00edch kozmetick\u00fdch v\u00fdrobkoch.<\/p>\n\n\n\n<h2 class=\"wp-block-heading\"><span class=\"ez-toc-section\" id=\"Aloe_vera_a_pokozka\"><\/span><strong>Aloe vera a poko\u017eka<\/strong><span class=\"ez-toc-section-end\"><\/span><\/h2>\n\n\n\n<p>Aloe vera sa \u010dasto ozna\u010duje ako pr\u00edrodn\u00e1 lek\u00e1re\u0148 a <strong>g\u00e9l alebo \u0161\u0165ava z nej s\u00fa ide\u00e1lne na starostlivos\u0165 o poko\u017eku<\/strong>. Existuje nieko\u013eko \u00fa\u010dinn\u00fdch dom\u00e1cich prostriedkov s Aloe vera, ktor\u00e9 si m\u00f4\u017eete pripravi\u0165 aj sami. Patr\u00ed medzi ne napr\u00edklad ple\u0165ov\u00e1 maska, ktor\u00e1 hydratuje a osvie\u017euje poko\u017eku.<\/p>\n\n\n\n<p><strong>TIP: Ochutnajte osvie\u017euj\u00facu <a href=\"https:\/\/www.ochutnejorech.sk\/produkt\/bio-stava-100-z-aloe-vera-nesladena-750-ml?varianta=750-ml\">\u0161\u0165avu z aloe vera<\/a>, <a href=\"https:\/\/www.ochutnejorech.sk\/produkt\/stava-z-ciernych-ribezli-100-nesladena-750-ml?varianta=750-ml\" target=\"_blank\" rel=\"noreferrer noopener\">\u010diernych r\u00edbezl\u00ed<\/a> alebo <a href=\"https:\/\/www.ochutnejorech.sk\/produkt\/bio-stava-z-granatoveho-jablka-100-nesladena-750-ml?varianta=750-ml\" target=\"_blank\" rel=\"noreferrer noopener\">gran\u00e1tov\u00e9ho jablka<\/a> bez pridan\u00e9ho cukru, konzervantov \u010di farb\u00edv.<\/strong><\/p>\n\n\n\n<h3 class=\"wp-block-heading\"><span class=\"ez-toc-section\" id=\"Ako_si_vyrobit_masku_z_Aloe_vera\"><\/span><strong>Ako si vyrobi\u0165 masku z Aloe vera<\/strong><span class=\"ez-toc-section-end\"><\/span><\/h3>\n\n\n\n<p>Ak m\u00e1te mastn\u00fa ple\u0165, odpor\u00fa\u010dame vysk\u00fa\u0161a\u0165 ple\u0165ov\u00fa masku z Aloe vera. Na jednu d\u00e1vku budete potrebova\u0165:<\/p>\n\n\n\n<ul class=\"wp-block-list\">\n<li>2 polievkov\u00e9 ly\u017eice kozmetick\u00e9ho \u00edlu <\/li>\n\n\n\n<li>1 \u010dajov\u00fa ly\u017ei\u010dku \u0161\u0165avy z Aloe vera<\/li>\n\n\n\n<li>\u00bd \u010dajovej ly\u017ei\u010dky jojobov\u00e9ho oleja<\/li>\n\n\n\n<li>1 kvapku levandu\u013eov\u00e9ho oleja <\/li>\n\n\n\n<li>1 kvapku bergamotov\u00e9ho oleja<\/li>\n<\/ul>\n\n\n\n<p>Potom postupujte nasledovne:<\/p>\n\n\n\n<ol class=\"wp-block-list\">\n<li>Najprv v sklenenej alebo porcel\u00e1novej miske <strong>zmie\u0161ajte v\u0161etky ingrediencie<\/strong> spolu s dostato\u010dn\u00fdm mno\u017estvom vody, aby vznikla hladk\u00e1 a \u013eahko aplikovate\u013en\u00e1 maska na tv\u00e1r. <\/li>\n\n\n\n<li>Mie\u0161ajte, a hne\u010f <strong>ako vznikne pasta, naneste ju na ple\u0165<\/strong>, pri\u010dom vynechajte oblasti okolo \u00fast a o\u010d\u00ed.<\/li>\n\n\n\n<li>Masku nechajte p\u00f4sobi\u0165, k\u00fdm nezaschne. Potom si tv\u00e1r opl\u00e1chnite m\u00e4kkou \u017einkou.<\/li>\n<\/ol>\n\n\n\n<h2 class=\"wp-block-heading\"><span class=\"ez-toc-section\" id=\"Pre_koho_nie_je_Aloe_vera_vhodne\"><\/span><strong>Pre koho nie je Aloe vera vhodn\u00e9<\/strong><span class=\"ez-toc-section-end\"><\/span><\/h2>\n\n\n\n<p>U os\u00f4b s citlivou poko\u017ekou m\u00f4\u017ee aplik\u00e1cia Aloe vera sp\u00f4sobi\u0165 za\u010dervenanie, p\u00e1lenie alebo podr\u00e1\u017edenie poko\u017eky. Najlep\u0161ie je najprv nanies\u0165 mal\u00e9 mno\u017estvo g\u00e9lu, aby ste otestovali tieto mo\u017en\u00e9 alergick\u00e9 reakcie.<\/p>\n\n\n\n<p>Vn\u00fatorn\u00e9 pou\u017eitie Aloe vera m\u00f4\u017ee u niektor\u00fdch citliv\u00fdch os\u00f4b sp\u00f4sobi\u0165 k\u0155\u010de v bruchu.<\/p>\n","protected":false},"excerpt":{"rendered":"<p>&#x2705; Aloe vera ako liek proti sp\u00e1leniu od slnie\u010dka &#x2705; Ako pou\u017ei\u0165 g\u00e9l z Aloe vera na sp\u00e1len\u00fa ko\u017eu &#x2705; Spr\u00e1vna ochrana ko\u017ee pred slnkom &#x2705; Ako aloe vera p\u00f4sob\u00ed na sp\u00e1len\u00fa poko\u017eku<\/p>\n","protected":false},"author":11,"featured_media":56412,"comment_status":"open","ping_status":"open","sticky":false,"template":"","format":"standard","meta":{"_acf_changed":false,"wprm-recipe-roundup-name":"","wprm-recipe-roundup-description":"","rank_math_title":"","rank_math_description":"\u2705 Aloe vera ako liek proti sp\u00e1leniu od slnie\u010dka \u2705 Ako pou\u017ei\u0165 g\u00e9l z Aloe vera na sp\u00e1len\u00fa ko\u017eu \u2705 Spr\u00e1vna ochrana ko\u017ee pred slnkom \u2705","rank_math_focus_keyword":"","rank_math_facebook_title":"Aloe vera: L\u00e9k na sp\u00e1len\u00ed od slun\u00ed\u010dka","rank_math_facebook_description":"\u2705 Aloe vera jako l\u00e9k proti sp\u00e1len\u00ed od slun\u00ed\u010dka\u2705 Jak pou\u017e\u00edt gel z aloe vera na sp\u00e1lenou k\u016f\u017ei \u2705 Spr\u00e1vn\u00e1 ochrana k\u016f\u017ee p\u0159ed sluncem \u2705","rank_math_facebook_image":"https:\/\/oosk.wps.cz\/wp-content\/uploads\/2023\/05\/aloe-vera-jako-lek-soc..jpg","rank_math_twitter_title":"Aloe vera: L\u00e9k na sp\u00e1len\u00ed od slun\u00ed\u010dka","rank_math_twitter_description":"\u2705 Aloe vera jako l\u00e9k proti sp\u00e1len\u00ed od slun\u00ed\u010dka\u2705 Jak pou\u017e\u00edt gel z aloe vera na sp\u00e1lenou k\u016f\u017ei \u2705 Spr\u00e1vn\u00e1 ochrana k\u016f\u017ee p\u0159ed sluncem \u2705","footnotes":""},"categories":[391],"tags":[],"class_list":["post-3167","post","type-post","status-publish","format-standard","has-post-thumbnail","hentry","category-lifestyle"],"featured_image_src":"https:\/\/oosk.wps.cz\/wp-content\/uploads\/2026\/04\/aloe-vera-na-spaleni-sluncem-clean.jpg","author_info":{"display_name":"Pavl\u00edna","author_link":"https:\/\/www.ochutnejorech.sk\/blog\/author\/pavlina"},"acf":[],"_links":{"self":[{"href":"https:\/\/www.ochutnejorech.sk\/blog\/wp-json\/wp\/v2\/posts\/3167","targetHints":{"allow":["GET"]}}],"collection":[{"href":"https:\/\/www.ochutnejorech.sk\/blog\/wp-json\/wp\/v2\/posts"}],"about":[{"href":"https:\/\/www.ochutnejorech.sk\/blog\/wp-json\/wp\/v2\/types\/post"}],"author":[{"embeddable":true,"href":"https:\/\/www.ochutnejorech.sk\/blog\/wp-json\/wp\/v2\/users\/11"}],"replies":[{"embeddable":true,"href":"https:\/\/www.ochutnejorech.sk\/blog\/wp-json\/wp\/v2\/comments?post=3167"}],"version-history":[{"count":18,"href":"https:\/\/www.ochutnejorech.sk\/blog\/wp-json\/wp\/v2\/posts\/3167\/revisions"}],"predecessor-version":[{"id":56782,"href":"https:\/\/www.ochutnejorech.sk\/blog\/wp-json\/wp\/v2\/posts\/3167\/revisions\/56782"}],"wp:featuredmedia":[{"embeddable":true,"href":"https:\/\/www.ochutnejorech.sk\/blog\/wp-json\/wp\/v2\/media\/56412"}],"wp:attachment":[{"href":"https:\/\/www.ochutnejorech.sk\/blog\/wp-json\/wp\/v2\/media?parent=3167"}],"wp:term":[{"taxonomy":"category","embeddable":true,"href":"https:\/\/www.ochutnejorech.sk\/blog\/wp-json\/wp\/v2\/categories?post=3167"},{"taxonomy":"post_tag","embeddable":true,"href":"https:\/\/www.ochutnejorech.sk\/blog\/wp-json\/wp\/v2\/tags?post=3167"}],"curies":[{"name":"wp","href":"https:\/\/api.w.org\/{rel}","templated":true}]}}